{"id":30548,"date":"2024-11-22T09:47:23","date_gmt":"2024-11-22T12:47:23","guid":{"rendered":"https:\/\/radiostudiow.com.br\/site\/?p=30548"},"modified":"2025-01-31T14:58:12","modified_gmt":"2025-01-31T17:58:12","slug":"veiculo-furtado-em-rio-azul-e-recuperado-pela-pm-em-sao-mateus-do-sul","status":"publish","type":"post","link":"https:\/\/radiostudiow.com.br\/site\/2024\/11\/22\/veiculo-furtado-em-rio-azul-e-recuperado-pela-pm-em-sao-mateus-do-sul\/","title":{"rendered":"Ve\u00edculo furtado em Rio Azul \u00e9 recuperado pela PM em S\u00e3o Mateus do Sul"},"content":{"rendered":"\n<p>A equipe da Pol\u00edcia Militar de S\u00e3o Mateus do Sul ap\u00f3s tomar conhecimento de um ve\u00edculo VW Jetta, branco, que teria sido furtado em Rio Azul e estaria em um motel as margens da rodovia BR-476.<\/p>\n\n\n\n<figure class=\"wp-block-image size-full\"><img loading=\"lazy\" decoding=\"async\" width=\"598\" height=\"204\" src=\"https:\/\/radiostudiow.com.br\/site\/wp-content\/uploads\/2024\/04\/image-29.png\" alt=\"\" class=\"wp-image-21283\" srcset=\"https:\/\/radiostudiow.com.br\/site\/wp-content\/uploads\/2024\/04\/image-29.png 598w, https:\/\/radiostudiow.com.br\/site\/wp-content\/uploads\/2024\/04\/image-29-300x102.png 300w\" sizes=\"auto, (max-width: 598px) 100vw, 598px\" \/><\/figure>\n\n\n\n<p>Por volta das 17:30 horas desta quarta-feira, 20 de novembro, as equipes da Policia Militar deslocaram at\u00e9 o endere\u00e7o.<\/p>\n\n\n\n<p>No local foi localizado o referido ve\u00edculo e dado voz de pris\u00e3o ao autor e juntamente com o veiculo entregues na 3\u00aa SDP para serem tomadas as devidas provid\u00eancias legais e cab\u00edveis.&nbsp;<\/p>\n\n\n\n<p><\/p>\n","protected":false},"excerpt":{"rendered":"<p>A equipe da Pol\u00edcia Militar de S\u00e3o Mateus do Sul ap\u00f3s tomar conhecimento de um ve\u00edculo VW Jetta, branco, que teria sido furtado em Rio Azul e estaria em um motel as margens da rodovia BR-476. Por volta das 17:30 horas desta quarta-feira, 20 de novembro, as equipes da Policia Militar deslocaram at\u00e9 o endere\u00e7o. [&hellip;]<\/p>\n","protected":false},"author":2,"featured_media":30586,"comment_status":"open","ping_status":"open","sticky":false,"template":"","format":"standard","meta":{"footnotes":""},"categories":[2],"tags":[172],"class_list":["post-30548","post","type-post","status-publish","format-standard","has-post-thumbnail","hentry","category-policial","tag-featured"],"amp_enabled":true,"_links":{"self":[{"href":"https:\/\/radiostudiow.com.br\/site\/wp-json\/wp\/v2\/posts\/30548","targetHints":{"allow":["GET"]}}],"collection":[{"href":"https:\/\/radiostudiow.com.br\/site\/wp-json\/wp\/v2\/posts"}],"about":[{"href":"https:\/\/radiostudiow.com.br\/site\/wp-json\/wp\/v2\/types\/post"}],"author":[{"embeddable":true,"href":"https:\/\/radiostudiow.com.br\/site\/wp-json\/wp\/v2\/users\/2"}],"replies":[{"embeddable":true,"href":"https:\/\/radiostudiow.com.br\/site\/wp-json\/wp\/v2\/comments?post=30548"}],"version-history":[{"count":3,"href":"https:\/\/radiostudiow.com.br\/site\/wp-json\/wp\/v2\/posts\/30548\/revisions"}],"predecessor-version":[{"id":30587,"href":"https:\/\/radiostudiow.com.br\/site\/wp-json\/wp\/v2\/posts\/30548\/revisions\/30587"}],"wp:featuredmedia":[{"embeddable":true,"href":"https:\/\/radiostudiow.com.br\/site\/wp-json\/wp\/v2\/media\/30586"}],"wp:attachment":[{"href":"https:\/\/radiostudiow.com.br\/site\/wp-json\/wp\/v2\/media?parent=30548"}],"wp:term":[{"taxonomy":"category","embeddable":true,"href":"https:\/\/radiostudiow.com.br\/site\/wp-json\/wp\/v2\/categories?post=30548"},{"taxonomy":"post_tag","embeddable":true,"href":"https:\/\/radiostudiow.com.br\/site\/wp-json\/wp\/v2\/tags?post=30548"}],"curies":[{"name":"wp","href":"https:\/\/api.w.org\/{rel}","templated":true}]}}