{"id":30601,"date":"2024-11-22T11:26:44","date_gmt":"2024-11-22T14:26:44","guid":{"rendered":"https:\/\/radiostudiow.com.br\/site\/?p=30601"},"modified":"2025-01-31T14:58:12","modified_gmt":"2025-01-31T17:58:12","slug":"homem-e-preso-apos-agredir-motorista-de-aplicativo-em-uniao-da-vitoria","status":"publish","type":"post","link":"https:\/\/radiostudiow.com.br\/site\/2024\/11\/22\/homem-e-preso-apos-agredir-motorista-de-aplicativo-em-uniao-da-vitoria\/","title":{"rendered":"Homem \u00e9 preso ap\u00f3s agredir motorista de aplicativo em Uni\u00e3o da Vit\u00f3ria"},"content":{"rendered":"\n<p>A equipe da Pol\u00edcia Militar de Uni\u00e3o da Vit\u00f3ria foi acionada por volta as 01:20 horas dessa quinta-feira, 21 de movembro, para atender uma situa\u00e7\u00e3o de les\u00e3o corporal no bairro  S\u00e3o Crist\u00f3v\u00e3o. A equipe estava se deslocando para o local da ocorr\u00eancia quando se deparou com um homem lesionado no rosto.<\/p>\n\n\n\n<figure class=\"wp-block-image size-full\"><img loading=\"lazy\" decoding=\"async\" width=\"598\" height=\"204\" src=\"https:\/\/radiostudiow.com.br\/site\/wp-content\/uploads\/2024\/10\/labirati.png\" alt=\"\" class=\"wp-image-28854\" srcset=\"https:\/\/radiostudiow.com.br\/site\/wp-content\/uploads\/2024\/10\/labirati.png 598w, https:\/\/radiostudiow.com.br\/site\/wp-content\/uploads\/2024\/10\/labirati-300x102.png 300w\" sizes=\"auto, (max-width: 598px) 100vw, 598px\" \/><\/figure>\n\n\n\n<p>O homem relatou ser motorista de aplicativo e que foi solicitado por uma mo\u00e7a para uma corrida e chegando pr\u00f3ximo ao destino repassado por ela, um indiv\u00edduo entrou na frente de seu ve\u00edculo a fim de obrig\u00e1-lo a parar, posteriormente foi at\u00e9 a janela do motorista onde ele estava e desferiu dois socos na regi\u00e3o de seu nariz.<\/p>\n\n\n\n<p>A v\u00edtima informou que neste momento, a passageira desceu do ve\u00edculo a fim de impedir o autor de continuar o agredindo, momento em que ele deixou o local. Em seguida, foi realizado patrulhamento e encontrado o autor, onde recebeu voz de pris\u00e3o.<\/p>\n\n\n\n<p>Autor e v\u00edtima foram encaminhados para a UPA de uni\u00e3o da vit\u00f3ria e posteriormente a 4\u00aa SDP para os procedimentos de Pol\u00edcia Judici\u00e1ria.<\/p>\n\n\n\n<figure class=\"wp-block-image size-full\"><img loading=\"lazy\" decoding=\"async\" width=\"900\" height=\"408\" src=\"https:\/\/radiostudiow.com.br\/site\/wp-content\/uploads\/2024\/09\/image-64-1.png\" alt=\"\" class=\"wp-image-28207\" srcset=\"https:\/\/radiostudiow.com.br\/site\/wp-content\/uploads\/2024\/09\/image-64-1.png 900w, https:\/\/radiostudiow.com.br\/site\/wp-content\/uploads\/2024\/09\/image-64-1-300x136.png 300w, https:\/\/radiostudiow.com.br\/site\/wp-content\/uploads\/2024\/09\/image-64-1-768x348.png 768w\" sizes=\"auto, (max-width: 900px) 100vw, 900px\" \/><\/figure>\n","protected":false},"excerpt":{"rendered":"<p>A equipe da Pol\u00edcia Militar de Uni\u00e3o da Vit\u00f3ria foi acionada por volta as 01:20 horas dessa quinta-feira, 21 de movembro, para atender uma situa\u00e7\u00e3o de les\u00e3o corporal no bairro S\u00e3o Crist\u00f3v\u00e3o. A equipe estava se deslocando para o local da ocorr\u00eancia quando se deparou com um homem lesionado no rosto. O homem relatou ser [&hellip;]<\/p>\n","protected":false},"author":2,"featured_media":29243,"comment_status":"open","ping_status":"open","sticky":false,"template":"","format":"standard","meta":{"footnotes":""},"categories":[2],"tags":[172],"class_list":["post-30601","post","type-post","status-publish","format-standard","has-post-thumbnail","hentry","category-policial","tag-featured"],"amp_enabled":true,"_links":{"self":[{"href":"https:\/\/radiostudiow.com.br\/site\/wp-json\/wp\/v2\/posts\/30601","targetHints":{"allow":["GET"]}}],"collection":[{"href":"https:\/\/radiostudiow.com.br\/site\/wp-json\/wp\/v2\/posts"}],"about":[{"href":"https:\/\/radiostudiow.com.br\/site\/wp-json\/wp\/v2\/types\/post"}],"author":[{"embeddable":true,"href":"https:\/\/radiostudiow.com.br\/site\/wp-json\/wp\/v2\/users\/2"}],"replies":[{"embeddable":true,"href":"https:\/\/radiostudiow.com.br\/site\/wp-json\/wp\/v2\/comments?post=30601"}],"version-history":[{"count":1,"href":"https:\/\/radiostudiow.com.br\/site\/wp-json\/wp\/v2\/posts\/30601\/revisions"}],"predecessor-version":[{"id":30602,"href":"https:\/\/radiostudiow.com.br\/site\/wp-json\/wp\/v2\/posts\/30601\/revisions\/30602"}],"wp:featuredmedia":[{"embeddable":true,"href":"https:\/\/radiostudiow.com.br\/site\/wp-json\/wp\/v2\/media\/29243"}],"wp:attachment":[{"href":"https:\/\/radiostudiow.com.br\/site\/wp-json\/wp\/v2\/media?parent=30601"}],"wp:term":[{"taxonomy":"category","embeddable":true,"href":"https:\/\/radiostudiow.com.br\/site\/wp-json\/wp\/v2\/categories?post=30601"},{"taxonomy":"post_tag","embeddable":true,"href":"https:\/\/radiostudiow.com.br\/site\/wp-json\/wp\/v2\/tags?post=30601"}],"curies":[{"name":"wp","href":"https:\/\/api.w.org\/{rel}","templated":true}]}}