{"id":30617,"date":"2024-11-22T17:46:42","date_gmt":"2024-11-22T20:46:42","guid":{"rendered":"https:\/\/radiostudiow.com.br\/site\/?p=30617"},"modified":"2025-01-31T14:58:12","modified_gmt":"2025-01-31T17:58:12","slug":"carga-roubada-em-general-carneiro-foi-localizada-em-santa-cecilia","status":"publish","type":"post","link":"https:\/\/radiostudiow.com.br\/site\/2024\/11\/22\/carga-roubada-em-general-carneiro-foi-localizada-em-santa-cecilia\/","title":{"rendered":"Carga roubada em General Carneiro foi localizada em Santa Cec\u00edlia"},"content":{"rendered":"\n<p>A Pol\u00edcia Civil, por interm\u00e9dio da Delegacia de Pol\u00edcia da Comarca de Santa Cec\u00edlia, em opera\u00e7\u00e3o conjunta com a Pol\u00edcia Militar e com o apoio da Delegacia Regional de Curitibanos e N\u00facleo de Opera\u00e7\u00f5es com C\u00e3es, deu cumprimento na manh\u00e3 desta ter\u00e7a-feira, 21 de novembro, de tr\u00eas mandados de busca e apreens\u00e3o domiciliar, relacionados a uma investiga\u00e7\u00e3o de furto de carga.<\/p>\n\n\n\n<figure class=\"wp-block-image size-full\"><img loading=\"lazy\" decoding=\"async\" width=\"897\" height=\"204\" src=\"https:\/\/radiostudiow.com.br\/site\/wp-content\/uploads\/2024\/11\/image-49.png\" alt=\"\" class=\"wp-image-30017\" srcset=\"https:\/\/radiostudiow.com.br\/site\/wp-content\/uploads\/2024\/11\/image-49.png 897w, https:\/\/radiostudiow.com.br\/site\/wp-content\/uploads\/2024\/11\/image-49-300x68.png 300w, https:\/\/radiostudiow.com.br\/site\/wp-content\/uploads\/2024\/11\/image-49-768x175.png 768w\" sizes=\"auto, (max-width: 897px) 100vw, 897px\" \/><\/figure>\n\n\n\n<p>Durante as dilig\u00eancias, foram localizadas e apreendidas\u00a0704 placas solares,\u00a0objeto de furto ocorrido em\u00a0General Carneiro no dia 15 de novembro.\u00a0A carga, avaliada em aproximadamente R$ 350 mil, foi encontrada no interior de um barrac\u00e3o situado em uma propriedade rural no munic\u00edpio de Santa Cec\u00edlia. <\/p>\n\n\n\n<p>Durante a opera\u00e7\u00e3o, uma arma de fogo e diversas muni\u00e7\u00f5es foram apreendidas. Al\u00e9m da propriedade rural, outros dois im\u00f3veis situados no per\u00edmetro urbano de Santa Cec\u00edlia tamb\u00e9m foram alvos das buscas.<\/p>\n\n\n\n<figure class=\"wp-block-image size-full\"><img loading=\"lazy\" decoding=\"async\" width=\"900\" height=\"408\" src=\"https:\/\/radiostudiow.com.br\/site\/wp-content\/uploads\/2024\/09\/image-64-1.png\" alt=\"\" class=\"wp-image-28207\" srcset=\"https:\/\/radiostudiow.com.br\/site\/wp-content\/uploads\/2024\/09\/image-64-1.png 900w, https:\/\/radiostudiow.com.br\/site\/wp-content\/uploads\/2024\/09\/image-64-1-300x136.png 300w, https:\/\/radiostudiow.com.br\/site\/wp-content\/uploads\/2024\/09\/image-64-1-768x348.png 768w\" sizes=\"auto, (max-width: 900px) 100vw, 900px\" \/><\/figure>\n\n\n\n<p>Um homem foi conduzido \u00e0 Delegacia de Pol\u00edcia, onde foi lavrado o auto de pris\u00e3o em flagrante.\u00a0O suspeito foi encaminhado \u00e0 Penitenci\u00e1ria de S\u00e3o Crist\u00f3v\u00e3o do Sul, onde permanecer\u00e1 \u00e0 disposi\u00e7\u00e3o da Justi\u00e7a.<\/p>\n\n\n\n<p>A Pol\u00edcia Civil segue com as investiga\u00e7\u00f5es para esclarecer todos os fatos relacionados ao delito.<\/p>\n\n\n\n<figure class=\"wp-block-image size-full\"><img loading=\"lazy\" decoding=\"async\" width=\"580\" height=\"580\" src=\"https:\/\/radiostudiow.com.br\/site\/wp-content\/uploads\/2024\/11\/image-90.png\" alt=\"\" class=\"wp-image-30619\" srcset=\"https:\/\/radiostudiow.com.br\/site\/wp-content\/uploads\/2024\/11\/image-90.png 580w, https:\/\/radiostudiow.com.br\/site\/wp-content\/uploads\/2024\/11\/image-90-300x300.png 300w, https:\/\/radiostudiow.com.br\/site\/wp-content\/uploads\/2024\/11\/image-90-80x80.png 80w\" sizes=\"auto, (max-width: 580px) 100vw, 580px\" \/><\/figure>\n","protected":false},"excerpt":{"rendered":"<p>A Pol\u00edcia Civil, por interm\u00e9dio da Delegacia de Pol\u00edcia da Comarca de Santa Cec\u00edlia, em opera\u00e7\u00e3o conjunta com a Pol\u00edcia Militar e com o apoio da Delegacia Regional de Curitibanos e N\u00facleo de Opera\u00e7\u00f5es com C\u00e3es, deu cumprimento na manh\u00e3 desta ter\u00e7a-feira, 21 de novembro, de tr\u00eas mandados de busca e apreens\u00e3o domiciliar, relacionados a [&hellip;]<\/p>\n","protected":false},"author":2,"featured_media":30618,"comment_status":"open","ping_status":"open","sticky":false,"template":"","format":"standard","meta":{"footnotes":""},"categories":[2],"tags":[172],"class_list":["post-30617","post","type-post","status-publish","format-standard","has-post-thumbnail","hentry","category-policial","tag-featured"],"amp_enabled":true,"_links":{"self":[{"href":"https:\/\/radiostudiow.com.br\/site\/wp-json\/wp\/v2\/posts\/30617","targetHints":{"allow":["GET"]}}],"collection":[{"href":"https:\/\/radiostudiow.com.br\/site\/wp-json\/wp\/v2\/posts"}],"about":[{"href":"https:\/\/radiostudiow.com.br\/site\/wp-json\/wp\/v2\/types\/post"}],"author":[{"embeddable":true,"href":"https:\/\/radiostudiow.com.br\/site\/wp-json\/wp\/v2\/users\/2"}],"replies":[{"embeddable":true,"href":"https:\/\/radiostudiow.com.br\/site\/wp-json\/wp\/v2\/comments?post=30617"}],"version-history":[{"count":1,"href":"https:\/\/radiostudiow.com.br\/site\/wp-json\/wp\/v2\/posts\/30617\/revisions"}],"predecessor-version":[{"id":30620,"href":"https:\/\/radiostudiow.com.br\/site\/wp-json\/wp\/v2\/posts\/30617\/revisions\/30620"}],"wp:featuredmedia":[{"embeddable":true,"href":"https:\/\/radiostudiow.com.br\/site\/wp-json\/wp\/v2\/media\/30618"}],"wp:attachment":[{"href":"https:\/\/radiostudiow.com.br\/site\/wp-json\/wp\/v2\/media?parent=30617"}],"wp:term":[{"taxonomy":"category","embeddable":true,"href":"https:\/\/radiostudiow.com.br\/site\/wp-json\/wp\/v2\/categories?post=30617"},{"taxonomy":"post_tag","embeddable":true,"href":"https:\/\/radiostudiow.com.br\/site\/wp-json\/wp\/v2\/tags?post=30617"}],"curies":[{"name":"wp","href":"https:\/\/api.w.org\/{rel}","templated":true}]}}