{"id":30637,"date":"2024-11-23T09:05:22","date_gmt":"2024-11-23T12:05:22","guid":{"rendered":"https:\/\/radiostudiow.com.br\/site\/?p=30637"},"modified":"2025-01-31T14:58:12","modified_gmt":"2025-01-31T17:58:12","slug":"morador-de-general-carneiro-tem-dados-pessoais-usados-para-contratar-servico-de-internet","status":"publish","type":"post","link":"https:\/\/radiostudiow.com.br\/site\/2024\/11\/23\/morador-de-general-carneiro-tem-dados-pessoais-usados-para-contratar-servico-de-internet\/","title":{"rendered":"Morador de General Carneiro tem dados pessoais usados para contratar servi\u00e7o de internet"},"content":{"rendered":"\n<p>Um senhor compareceu neste Pelot\u00e3o da Pol\u00edcia Militarr de General Carneiro por volta 10 horas dessa quinta-feira, 21 de novembro, afirmando que usaram seus dados pessoais.<\/p>\n\n\n\n<figure class=\"wp-block-image size-full\"><img loading=\"lazy\" decoding=\"async\" width=\"598\" height=\"204\" src=\"https:\/\/radiostudiow.com.br\/site\/wp-content\/uploads\/2024\/04\/image-29.png\" alt=\"\" class=\"wp-image-21283\" srcset=\"https:\/\/radiostudiow.com.br\/site\/wp-content\/uploads\/2024\/04\/image-29.png 598w, https:\/\/radiostudiow.com.br\/site\/wp-content\/uploads\/2024\/04\/image-29-300x102.png 300w\" sizes=\"auto, (max-width: 598px) 100vw, 598px\" \/><\/figure>\n\n\n\n<p>O solicitante passou a relatar que haviam usado seus documentos pessoais e dados banc\u00e1rios para o cadastro e cobran\u00e7a de um servi\u00e7o de internet totalizando cobran\u00e7as no valor de R$ 1.285,00 (mil duzentos e oitenta e cinco reais). Ainda afirmou que n\u00e3o fez o cadastro com a empresa, que entrou em contato pedindo o cancelamento do servi\u00e7o, por\u00e9m sem \u00eaxito.<\/p>\n\n\n\n<p>O senhor relatou tamb\u00e9m que percebeu as indevidas cobran\u00e7as quando cancelaram seu cart\u00e3o de cr\u00e9dito em loja bem como CPF negativado perante aos \u00f3rg\u00e3os de cr\u00e9dito.<\/p>\n\n\n\n<p>Diante dos fatos os policiais orientaram a v\u00edtima quanto aos procedimentos cab\u00edveis e confeccionado o boletim de ocorr\u00eancia.<\/p>\n\n\n\n<figure class=\"wp-block-image size-large\"><img loading=\"lazy\" decoding=\"async\" width=\"724\" height=\"1024\" src=\"https:\/\/radiostudiow.com.br\/site\/wp-content\/uploads\/2024\/11\/01-5-724x1024.png\" alt=\"\" class=\"wp-image-30589\" srcset=\"https:\/\/radiostudiow.com.br\/site\/wp-content\/uploads\/2024\/11\/01-5-724x1024.png 724w, https:\/\/radiostudiow.com.br\/site\/wp-content\/uploads\/2024\/11\/01-5-212x300.png 212w, https:\/\/radiostudiow.com.br\/site\/wp-content\/uploads\/2024\/11\/01-5-768x1087.png 768w, https:\/\/radiostudiow.com.br\/site\/wp-content\/uploads\/2024\/11\/01-5-1085x1536.png 1085w, https:\/\/radiostudiow.com.br\/site\/wp-content\/uploads\/2024\/11\/01-5-1447x2048.png 1447w, https:\/\/radiostudiow.com.br\/site\/wp-content\/uploads\/2024\/11\/01-5.png 1905w\" sizes=\"auto, (max-width: 724px) 100vw, 724px\" \/><\/figure>\n","protected":false},"excerpt":{"rendered":"<p>Um senhor compareceu neste Pelot\u00e3o da Pol\u00edcia Militarr de General Carneiro por volta 10 horas dessa quinta-feira, 21 de novembro, afirmando que usaram seus dados pessoais. O solicitante passou a relatar que haviam usado seus documentos pessoais e dados banc\u00e1rios para o cadastro e cobran\u00e7a de um servi\u00e7o de internet totalizando cobran\u00e7as no valor de [&hellip;]<\/p>\n","protected":false},"author":2,"featured_media":29967,"comment_status":"open","ping_status":"open","sticky":false,"template":"","format":"standard","meta":{"footnotes":""},"categories":[2],"tags":[172],"class_list":["post-30637","post","type-post","status-publish","format-standard","has-post-thumbnail","hentry","category-policial","tag-featured"],"amp_enabled":true,"_links":{"self":[{"href":"https:\/\/radiostudiow.com.br\/site\/wp-json\/wp\/v2\/posts\/30637","targetHints":{"allow":["GET"]}}],"collection":[{"href":"https:\/\/radiostudiow.com.br\/site\/wp-json\/wp\/v2\/posts"}],"about":[{"href":"https:\/\/radiostudiow.com.br\/site\/wp-json\/wp\/v2\/types\/post"}],"author":[{"embeddable":true,"href":"https:\/\/radiostudiow.com.br\/site\/wp-json\/wp\/v2\/users\/2"}],"replies":[{"embeddable":true,"href":"https:\/\/radiostudiow.com.br\/site\/wp-json\/wp\/v2\/comments?post=30637"}],"version-history":[{"count":2,"href":"https:\/\/radiostudiow.com.br\/site\/wp-json\/wp\/v2\/posts\/30637\/revisions"}],"predecessor-version":[{"id":30653,"href":"https:\/\/radiostudiow.com.br\/site\/wp-json\/wp\/v2\/posts\/30637\/revisions\/30653"}],"wp:featuredmedia":[{"embeddable":true,"href":"https:\/\/radiostudiow.com.br\/site\/wp-json\/wp\/v2\/media\/29967"}],"wp:attachment":[{"href":"https:\/\/radiostudiow.com.br\/site\/wp-json\/wp\/v2\/media?parent=30637"}],"wp:term":[{"taxonomy":"category","embeddable":true,"href":"https:\/\/radiostudiow.com.br\/site\/wp-json\/wp\/v2\/categories?post=30637"},{"taxonomy":"post_tag","embeddable":true,"href":"https:\/\/radiostudiow.com.br\/site\/wp-json\/wp\/v2\/tags?post=30637"}],"curies":[{"name":"wp","href":"https:\/\/api.w.org\/{rel}","templated":true}]}}