{"id":30643,"date":"2024-11-23T09:20:50","date_gmt":"2024-11-23T12:20:50","guid":{"rendered":"https:\/\/radiostudiow.com.br\/site\/?p=30643"},"modified":"2025-01-31T14:58:11","modified_gmt":"2025-01-31T17:58:11","slug":"pm-de-cruz-machado-cumpriu-mandado-de-prisao-expedido-pela-comarca-de-mallet","status":"publish","type":"post","link":"https:\/\/radiostudiow.com.br\/site\/2024\/11\/23\/pm-de-cruz-machado-cumpriu-mandado-de-prisao-expedido-pela-comarca-de-mallet\/","title":{"rendered":"PM de Cruz Machado cumpriu mandado de pris\u00e3o expedido pela comarca de Mallet"},"content":{"rendered":"\n<p>A equipe da Pol\u00edcia Rural comunit\u00e1ria da 2\u00aa CIA deu cumprimento ao mandado de pris\u00e3o expedido pela comarca de Mallet por volta das 07 horas dessa quinta-feira (21).<\/p>\n\n\n\n<figure class=\"wp-block-image size-full\"><img loading=\"lazy\" decoding=\"async\" width=\"897\" height=\"204\" src=\"https:\/\/radiostudiow.com.br\/site\/wp-content\/uploads\/2024\/11\/image-49.png\" alt=\"\" class=\"wp-image-30017\" srcset=\"https:\/\/radiostudiow.com.br\/site\/wp-content\/uploads\/2024\/11\/image-49.png 897w, https:\/\/radiostudiow.com.br\/site\/wp-content\/uploads\/2024\/11\/image-49-300x68.png 300w, https:\/\/radiostudiow.com.br\/site\/wp-content\/uploads\/2024\/11\/image-49-768x175.png 768w\" sizes=\"auto, (max-width: 897px) 100vw, 897px\" \/><\/figure>\n\n\n\n<p>Os policiais se deslocaram at\u00e9 a \u00e1rea rural da cidade de Cruz Machado onde deu fiel cumprimento ao mandado de pris\u00e3o a um homem, o qual foi encaminhado at\u00e9 a UPA de Uni\u00e3o da Vit\u00f3ria, posteriormente entregue ao Depen onde permanecer\u00e1 a disposi\u00e7\u00e3o da Justi\u00e7a.<\/p>\n","protected":false},"excerpt":{"rendered":"<p>A equipe da Pol\u00edcia Rural comunit\u00e1ria da 2\u00aa CIA deu cumprimento ao mandado de pris\u00e3o expedido pela comarca de Mallet por volta das 07 horas dessa quinta-feira (21). Os policiais se deslocaram at\u00e9 a \u00e1rea rural da cidade de Cruz Machado onde deu fiel cumprimento ao mandado de pris\u00e3o a um homem, o qual foi [&hellip;]<\/p>\n","protected":false},"author":2,"featured_media":28116,"comment_status":"open","ping_status":"open","sticky":false,"template":"","format":"standard","meta":{"footnotes":""},"categories":[2],"tags":[172],"class_list":["post-30643","post","type-post","status-publish","format-standard","has-post-thumbnail","hentry","category-policial","tag-featured"],"amp_enabled":true,"_links":{"self":[{"href":"https:\/\/radiostudiow.com.br\/site\/wp-json\/wp\/v2\/posts\/30643","targetHints":{"allow":["GET"]}}],"collection":[{"href":"https:\/\/radiostudiow.com.br\/site\/wp-json\/wp\/v2\/posts"}],"about":[{"href":"https:\/\/radiostudiow.com.br\/site\/wp-json\/wp\/v2\/types\/post"}],"author":[{"embeddable":true,"href":"https:\/\/radiostudiow.com.br\/site\/wp-json\/wp\/v2\/users\/2"}],"replies":[{"embeddable":true,"href":"https:\/\/radiostudiow.com.br\/site\/wp-json\/wp\/v2\/comments?post=30643"}],"version-history":[{"count":2,"href":"https:\/\/radiostudiow.com.br\/site\/wp-json\/wp\/v2\/posts\/30643\/revisions"}],"predecessor-version":[{"id":30655,"href":"https:\/\/radiostudiow.com.br\/site\/wp-json\/wp\/v2\/posts\/30643\/revisions\/30655"}],"wp:featuredmedia":[{"embeddable":true,"href":"https:\/\/radiostudiow.com.br\/site\/wp-json\/wp\/v2\/media\/28116"}],"wp:attachment":[{"href":"https:\/\/radiostudiow.com.br\/site\/wp-json\/wp\/v2\/media?parent=30643"}],"wp:term":[{"taxonomy":"category","embeddable":true,"href":"https:\/\/radiostudiow.com.br\/site\/wp-json\/wp\/v2\/categories?post=30643"},{"taxonomy":"post_tag","embeddable":true,"href":"https:\/\/radiostudiow.com.br\/site\/wp-json\/wp\/v2\/tags?post=30643"}],"curies":[{"name":"wp","href":"https:\/\/api.w.org\/{rel}","templated":true}]}}