{"id":30659,"date":"2024-11-23T10:31:34","date_gmt":"2024-11-23T13:31:34","guid":{"rendered":"https:\/\/radiostudiow.com.br\/site\/?p=30659"},"modified":"2024-11-23T10:31:34","modified_gmt":"2024-11-23T13:31:34","slug":"homem-morde-a-mao-da-propria-mae-em-reboucas","status":"publish","type":"post","link":"https:\/\/radiostudiow.com.br\/site\/2024\/11\/23\/homem-morde-a-mao-da-propria-mae-em-reboucas\/","title":{"rendered":"Homem morde a m\u00e3o da pr\u00f3pria m\u00e3e em Rebou\u00e7as"},"content":{"rendered":"\n<p><em><strong>Segundo a Pol\u00edcia Militar, rapaz estava transtornado e cometeu a agress\u00e3o durante um desentendimento com a v\u00edtima\/Paulo Sava, com informa\u00e7\u00f5es da Pol\u00edcia Militar<\/strong><\/em>.<\/p>\n\n\n\n<figure class=\"wp-block-image size-full\"><img loading=\"lazy\" decoding=\"async\" width=\"897\" height=\"204\" src=\"https:\/\/radiostudiow.com.br\/site\/wp-content\/uploads\/2024\/08\/TIJOLAO.png\" alt=\"\" class=\"wp-image-25951\" srcset=\"https:\/\/radiostudiow.com.br\/site\/wp-content\/uploads\/2024\/08\/TIJOLAO.png 897w, https:\/\/radiostudiow.com.br\/site\/wp-content\/uploads\/2024\/08\/TIJOLAO-300x68.png 300w, https:\/\/radiostudiow.com.br\/site\/wp-content\/uploads\/2024\/08\/TIJOLAO-768x175.png 768w\" sizes=\"auto, (max-width: 897px) 100vw, 897px\" \/><\/figure>\n\n\n\n<p>Um homem mordeu a m\u00e3o da pr\u00f3pria m\u00e3e, de 75 anos, na noite de ontem, 21, na resid\u00eancia da fam\u00edlia, no bairro Santo Ant\u00f4nio, em Rebou\u00e7as.<\/p>\n\n\n\n<p>No local, a v\u00edtima disse aos policiais que ele estava transtornado e que ambos haviam se desentendido antes da mordida, que resultou em um ferimento leve na m\u00e3o esquerda da mulher.<\/p>\n\n\n\n<p>Os envolvidos foram levados para elabora\u00e7\u00e3o do laudo de les\u00f5es corporais. O autor foi conduzido para a Delegacia.<\/p>\n\n\n\n<p><a href=\"https:\/\/api.whatsapp.com\/send?phone=5542991058084&amp;text=Vi%20o%20an%C3%BAncio%20na%20Naju%C3%A1\" target=\"_blank\" rel=\"noreferrer noopener\"><\/a><\/p>\n","protected":false},"excerpt":{"rendered":"<p>Segundo a Pol\u00edcia Militar, rapaz estava transtornado e cometeu a agress\u00e3o durante um desentendimento com a v\u00edtima\/Paulo Sava, com informa\u00e7\u00f5es da Pol\u00edcia Militar. Um homem mordeu a m\u00e3o da pr\u00f3pria m\u00e3e, de 75 anos, na noite de ontem, 21, na resid\u00eancia da fam\u00edlia, no bairro Santo Ant\u00f4nio, em Rebou\u00e7as. No local, a v\u00edtima disse aos [&hellip;]<\/p>\n","protected":false},"author":2,"featured_media":27578,"comment_status":"open","ping_status":"open","sticky":false,"template":"","format":"standard","meta":{"footnotes":""},"categories":[7],"tags":[],"class_list":["post-30659","post","type-post","status-publish","format-standard","has-post-thumbnail","hentry","category-geral"],"amp_enabled":true,"_links":{"self":[{"href":"https:\/\/radiostudiow.com.br\/site\/wp-json\/wp\/v2\/posts\/30659","targetHints":{"allow":["GET"]}}],"collection":[{"href":"https:\/\/radiostudiow.com.br\/site\/wp-json\/wp\/v2\/posts"}],"about":[{"href":"https:\/\/radiostudiow.com.br\/site\/wp-json\/wp\/v2\/types\/post"}],"author":[{"embeddable":true,"href":"https:\/\/radiostudiow.com.br\/site\/wp-json\/wp\/v2\/users\/2"}],"replies":[{"embeddable":true,"href":"https:\/\/radiostudiow.com.br\/site\/wp-json\/wp\/v2\/comments?post=30659"}],"version-history":[{"count":1,"href":"https:\/\/radiostudiow.com.br\/site\/wp-json\/wp\/v2\/posts\/30659\/revisions"}],"predecessor-version":[{"id":30660,"href":"https:\/\/radiostudiow.com.br\/site\/wp-json\/wp\/v2\/posts\/30659\/revisions\/30660"}],"wp:featuredmedia":[{"embeddable":true,"href":"https:\/\/radiostudiow.com.br\/site\/wp-json\/wp\/v2\/media\/27578"}],"wp:attachment":[{"href":"https:\/\/radiostudiow.com.br\/site\/wp-json\/wp\/v2\/media?parent=30659"}],"wp:term":[{"taxonomy":"category","embeddable":true,"href":"https:\/\/radiostudiow.com.br\/site\/wp-json\/wp\/v2\/categories?post=30659"},{"taxonomy":"post_tag","embeddable":true,"href":"https:\/\/radiostudiow.com.br\/site\/wp-json\/wp\/v2\/tags?post=30659"}],"curies":[{"name":"wp","href":"https:\/\/api.w.org\/{rel}","templated":true}]}}