{"id":30661,"date":"2024-11-23T10:38:00","date_gmt":"2024-11-23T13:38:00","guid":{"rendered":"https:\/\/radiostudiow.com.br\/site\/?p=30661"},"modified":"2025-01-31T14:58:11","modified_gmt":"2025-01-31T17:58:11","slug":"motociclista-morre-em-acidente-em-imbituva","status":"publish","type":"post","link":"https:\/\/radiostudiow.com.br\/site\/2024\/11\/23\/motociclista-morre-em-acidente-em-imbituva\/","title":{"rendered":"Motociclista morre em acidente em Imbituva"},"content":{"rendered":"\n<p><em><strong>Colis\u00e3o entre moto e autom\u00f3vel ocorreu no fim da tarde de ter\u00e7a-feira, 19, em Imbituva\/Paulo Sava, com informa\u00e7\u00f5es da PRF e da Pol\u00edcia Militar<\/strong><\/em>.<\/p>\n\n\n\n<p>Um motociclista morreu em um acidente registrado no fim da tarde de ter\u00e7a-feira, 19, na altura do km 229 da BR 373, em Imbituva.\u00a0Segundo a Pol\u00edcia Rodovi\u00e1ria Federal, ele conduzia uma moto, que colidiu contra um autom\u00f3vel Onix.<\/p>\n\n\n\n<figure class=\"wp-block-image size-full\"><img loading=\"lazy\" decoding=\"async\" width=\"300\" height=\"180\" src=\"https:\/\/radiostudiow.com.br\/site\/wp-content\/uploads\/2024\/04\/image-26.png\" alt=\"\" class=\"wp-image-21279\"\/><\/figure>\n\n\n\n<p>O carro obstruiu a passagem do motociclista ao sair do p\u00e1tio de um posto de combust\u00edveis. O motorista do ve\u00edculo n\u00e3o se feriu e fez o teste do baf\u00f4metro, que apontou resultado negativo para embriaguez.<\/p>\n\n\n\n<p>J\u00e1 o motociclista Marcos Alcinei Freire, de 42 anos, foi levado para o Pronto Atendimento de Imbituva, mas n\u00e3o resistiu aos ferimentos e morreu. O corpo dele foi sepultado na manh\u00e3 de hoje, no Cemit\u00e9rio Luterano de Imbituva.<\/p>\n","protected":false},"excerpt":{"rendered":"<p>Colis\u00e3o entre moto e autom\u00f3vel ocorreu no fim da tarde de ter\u00e7a-feira, 19, em Imbituva\/Paulo Sava, com informa\u00e7\u00f5es da PRF e da Pol\u00edcia Militar. Um motociclista morreu em um acidente registrado no fim da tarde de ter\u00e7a-feira, 19, na altura do km 229 da BR 373, em Imbituva.\u00a0Segundo a Pol\u00edcia Rodovi\u00e1ria Federal, ele conduzia uma [&hellip;]<\/p>\n","protected":false},"author":2,"featured_media":30662,"comment_status":"open","ping_status":"open","sticky":false,"template":"","format":"standard","meta":{"footnotes":""},"categories":[185],"tags":[172],"class_list":["post-30661","post","type-post","status-publish","format-standard","has-post-thumbnail","hentry","category-regional","tag-featured"],"amp_enabled":true,"_links":{"self":[{"href":"https:\/\/radiostudiow.com.br\/site\/wp-json\/wp\/v2\/posts\/30661","targetHints":{"allow":["GET"]}}],"collection":[{"href":"https:\/\/radiostudiow.com.br\/site\/wp-json\/wp\/v2\/posts"}],"about":[{"href":"https:\/\/radiostudiow.com.br\/site\/wp-json\/wp\/v2\/types\/post"}],"author":[{"embeddable":true,"href":"https:\/\/radiostudiow.com.br\/site\/wp-json\/wp\/v2\/users\/2"}],"replies":[{"embeddable":true,"href":"https:\/\/radiostudiow.com.br\/site\/wp-json\/wp\/v2\/comments?post=30661"}],"version-history":[{"count":1,"href":"https:\/\/radiostudiow.com.br\/site\/wp-json\/wp\/v2\/posts\/30661\/revisions"}],"predecessor-version":[{"id":30663,"href":"https:\/\/radiostudiow.com.br\/site\/wp-json\/wp\/v2\/posts\/30661\/revisions\/30663"}],"wp:featuredmedia":[{"embeddable":true,"href":"https:\/\/radiostudiow.com.br\/site\/wp-json\/wp\/v2\/media\/30662"}],"wp:attachment":[{"href":"https:\/\/radiostudiow.com.br\/site\/wp-json\/wp\/v2\/media?parent=30661"}],"wp:term":[{"taxonomy":"category","embeddable":true,"href":"https:\/\/radiostudiow.com.br\/site\/wp-json\/wp\/v2\/categories?post=30661"},{"taxonomy":"post_tag","embeddable":true,"href":"https:\/\/radiostudiow.com.br\/site\/wp-json\/wp\/v2\/tags?post=30661"}],"curies":[{"name":"wp","href":"https:\/\/api.w.org\/{rel}","templated":true}]}}