{"id":30668,"date":"2024-11-23T11:00:10","date_gmt":"2024-11-23T14:00:10","guid":{"rendered":"https:\/\/radiostudiow.com.br\/site\/?p=30668"},"modified":"2025-01-31T14:58:11","modified_gmt":"2025-01-31T17:58:11","slug":"jovem-de-22-anos-perde-a-vida-em-acidente-na-br-153","status":"publish","type":"post","link":"https:\/\/radiostudiow.com.br\/site\/2024\/11\/23\/jovem-de-22-anos-perde-a-vida-em-acidente-na-br-153\/","title":{"rendered":"Jovem de 22 anos perde a vida em acidente na BR-153 entre Uni\u00e3o da Vit\u00f3ria e General Carneiro"},"content":{"rendered":"\n<p>Um acidente grave envolvendo uma carreta e um Fiat\/Bravo resultou na morte de um jovem de 22 anos na BR-153, entre Uni\u00e3o da Vit\u00f3ria e General Carneiro por volta das 18:50 horas dessa sexta-feira (22).<\/p>\n\n\n\n<p>Anderson Natel Czarnecki, de 22 anos,\u00a0n\u00e3o resistiu aos ferimentos ap\u00f3s colidir seu ve\u00edculo com um caminh\u00e3o de cavaco na altura do km 481, pr\u00f3ximo \u00e0 ponte do Xaxim, no trajeto entre General Carneiro e Uni\u00e3o da Vit\u00f3ria.<\/p>\n\n\n\n<figure class=\"wp-block-image size-full\"><img loading=\"lazy\" decoding=\"async\" width=\"897\" height=\"204\" src=\"https:\/\/radiostudiow.com.br\/site\/wp-content\/uploads\/2024\/11\/image-49.png\" alt=\"\" class=\"wp-image-30017\" srcset=\"https:\/\/radiostudiow.com.br\/site\/wp-content\/uploads\/2024\/11\/image-49.png 897w, https:\/\/radiostudiow.com.br\/site\/wp-content\/uploads\/2024\/11\/image-49-300x68.png 300w, https:\/\/radiostudiow.com.br\/site\/wp-content\/uploads\/2024\/11\/image-49-768x175.png 768w\" sizes=\"auto, (max-width: 897px) 100vw, 897px\" \/><\/figure>\n\n\n\n<p>Anderson conduzia um Fiat Bravo, o qual acabou batendo contra o caminh\u00e3o que estava vazio, tamb\u00e9m de General Carneiro, que seguia no sentido contr\u00e1rio. Ambos os ve\u00edculos foram parar fora da pista. O motorista do caminh\u00e3o n\u00e3o se feriu.<\/p>\n\n\n\n<p>A equipe do Corpo de Bombeiros de General Carneiro, juntamente com o SAMU prestaram atendimento.<\/p>\n\n\n\n<figure class=\"wp-block-image size-full\"><img loading=\"lazy\" decoding=\"async\" width=\"500\" height=\"293\" src=\"https:\/\/radiostudiow.com.br\/site\/wp-content\/uploads\/2024\/11\/image-93.png\" alt=\"\" class=\"wp-image-30669\" srcset=\"https:\/\/radiostudiow.com.br\/site\/wp-content\/uploads\/2024\/11\/image-93.png 500w, https:\/\/radiostudiow.com.br\/site\/wp-content\/uploads\/2024\/11\/image-93-300x176.png 300w\" sizes=\"auto, (max-width: 500px) 100vw, 500px\" \/><\/figure>\n\n\n\n<figure class=\"wp-block-image size-full\"><img loading=\"lazy\" decoding=\"async\" width=\"500\" height=\"329\" src=\"https:\/\/radiostudiow.com.br\/site\/wp-content\/uploads\/2024\/11\/image-94.png\" alt=\"\" class=\"wp-image-30670\" srcset=\"https:\/\/radiostudiow.com.br\/site\/wp-content\/uploads\/2024\/11\/image-94.png 500w, https:\/\/radiostudiow.com.br\/site\/wp-content\/uploads\/2024\/11\/image-94-300x197.png 300w\" sizes=\"auto, (max-width: 500px) 100vw, 500px\" \/><\/figure>\n","protected":false},"excerpt":{"rendered":"<p>Um acidente grave envolvendo uma carreta e um Fiat\/Bravo resultou na morte de um jovem de 22 anos na BR-153, entre Uni\u00e3o da Vit\u00f3ria e General Carneiro por volta das 18:50 horas dessa sexta-feira (22). Anderson Natel Czarnecki, de 22 anos,\u00a0n\u00e3o resistiu aos ferimentos ap\u00f3s colidir seu ve\u00edculo com um caminh\u00e3o de cavaco na altura [&hellip;]<\/p>\n","protected":false},"author":2,"featured_media":30671,"comment_status":"open","ping_status":"open","sticky":false,"template":"","format":"standard","meta":{"footnotes":""},"categories":[185],"tags":[172],"class_list":["post-30668","post","type-post","status-publish","format-standard","has-post-thumbnail","hentry","category-regional","tag-featured"],"amp_enabled":true,"_links":{"self":[{"href":"https:\/\/radiostudiow.com.br\/site\/wp-json\/wp\/v2\/posts\/30668","targetHints":{"allow":["GET"]}}],"collection":[{"href":"https:\/\/radiostudiow.com.br\/site\/wp-json\/wp\/v2\/posts"}],"about":[{"href":"https:\/\/radiostudiow.com.br\/site\/wp-json\/wp\/v2\/types\/post"}],"author":[{"embeddable":true,"href":"https:\/\/radiostudiow.com.br\/site\/wp-json\/wp\/v2\/users\/2"}],"replies":[{"embeddable":true,"href":"https:\/\/radiostudiow.com.br\/site\/wp-json\/wp\/v2\/comments?post=30668"}],"version-history":[{"count":3,"href":"https:\/\/radiostudiow.com.br\/site\/wp-json\/wp\/v2\/posts\/30668\/revisions"}],"predecessor-version":[{"id":30675,"href":"https:\/\/radiostudiow.com.br\/site\/wp-json\/wp\/v2\/posts\/30668\/revisions\/30675"}],"wp:featuredmedia":[{"embeddable":true,"href":"https:\/\/radiostudiow.com.br\/site\/wp-json\/wp\/v2\/media\/30671"}],"wp:attachment":[{"href":"https:\/\/radiostudiow.com.br\/site\/wp-json\/wp\/v2\/media?parent=30668"}],"wp:term":[{"taxonomy":"category","embeddable":true,"href":"https:\/\/radiostudiow.com.br\/site\/wp-json\/wp\/v2\/categories?post=30668"},{"taxonomy":"post_tag","embeddable":true,"href":"https:\/\/radiostudiow.com.br\/site\/wp-json\/wp\/v2\/tags?post=30668"}],"curies":[{"name":"wp","href":"https:\/\/api.w.org\/{rel}","templated":true}]}}