{"id":30678,"date":"2024-11-23T11:10:29","date_gmt":"2024-11-23T14:10:29","guid":{"rendered":"https:\/\/radiostudiow.com.br\/site\/?p=30678"},"modified":"2025-01-31T14:58:11","modified_gmt":"2025-01-31T17:58:11","slug":"homem-e-preso-pela-policia-civil-por-armazenar-pornografia-infantil-em-sao-mateus-do-sul","status":"publish","type":"post","link":"https:\/\/radiostudiow.com.br\/site\/2024\/11\/23\/homem-e-preso-pela-policia-civil-por-armazenar-pornografia-infantil-em-sao-mateus-do-sul\/","title":{"rendered":"Homem \u00e9 preso pela Pol\u00edcia Civil por armazenar pornografia infantil em S\u00e3o Mateus do Sul"},"content":{"rendered":"\n<p>A Pol\u00edcia Civil de S\u00e3o Mateus do Sul,\u00a0prendeu em flagrante um homem de 57 anos pelo armazenamento de imagens de sexo expl\u00edcito e pornogr\u00e1ficas de crian\u00e7as e adolescentes em S\u00e3o Mateus do Sul.<\/p>\n\n\n\n<figure class=\"wp-block-image size-full\"><img loading=\"lazy\" decoding=\"async\" width=\"598\" height=\"204\" src=\"https:\/\/radiostudiow.com.br\/site\/wp-content\/uploads\/2024\/10\/labirati.png\" alt=\"\" class=\"wp-image-28854\" srcset=\"https:\/\/radiostudiow.com.br\/site\/wp-content\/uploads\/2024\/10\/labirati.png 598w, https:\/\/radiostudiow.com.br\/site\/wp-content\/uploads\/2024\/10\/labirati-300x102.png 300w\" sizes=\"auto, (max-width: 598px) 100vw, 598px\" \/><\/figure>\n\n\n\n<p>A a\u00e7\u00e3o policial ocorreu na tarde de sexta-feira (22), durante o cumprimento de uma ordem judicial de busca e apreens\u00e3o domiciliar. Na busca domiciliar foi apreendido um aparelho\u00a0celular usado para armazenar as imagens, repassadas pela rede mundial de computadores.\u00a0O propriet\u00e1rio do aparelho foi preso em flagrante pelo crime previsto no artigo 241-B do Estatuto da Crian\u00e7a e do Adolescente, delito hediondo. Por envolver menores de idade, o crime est\u00e1 em segredo de justi\u00e7a e detalhes da localiza\u00e7\u00e3o da resid\u00eancia do homem n\u00e3o foram repassados.<\/p>\n\n\n\n<p>Antonio Basso Filho, promotor de justi\u00e7a, parabenizou a investiga\u00e7\u00e3o da Pol\u00edcia Civil de S\u00e3o Mateus do Sul que resultou na pris\u00e3o do homem.<\/p>\n\n\n\n<p><strong><em>\u201cDepois de uma investiga\u00e7\u00e3o feita pela delegacia local, muito bem feita diga-se de passagem, tivemos a pris\u00e3o em flagrante desse homem que armazevana material pornogr\u00e1fico. A produ\u00e7\u00e3o, reprodu\u00e7\u00e3o, fotografar e dirigir cenas de sexo expl\u00edcito envolvendo menores s\u00e3o crimes, mas n\u00e3o s\u00f3 isso. Quem facilita, coage as crian\u00e7as a esse tipo de ato, exibe e transmite, tamb\u00e9m respondem pela pr\u00e1tica do crime, e incidem nas mesmas penas\u201d, explicou o promotor.<\/em><\/strong><\/p>\n\n\n\n<figure class=\"wp-block-image size-full\"><img loading=\"lazy\" decoding=\"async\" width=\"900\" height=\"408\" src=\"https:\/\/radiostudiow.com.br\/site\/wp-content\/uploads\/2024\/09\/image-64-1.png\" alt=\"\" class=\"wp-image-28207\" srcset=\"https:\/\/radiostudiow.com.br\/site\/wp-content\/uploads\/2024\/09\/image-64-1.png 900w, https:\/\/radiostudiow.com.br\/site\/wp-content\/uploads\/2024\/09\/image-64-1-300x136.png 300w, https:\/\/radiostudiow.com.br\/site\/wp-content\/uploads\/2024\/09\/image-64-1-768x348.png 768w\" sizes=\"auto, (max-width: 900px) 100vw, 900px\" \/><\/figure>\n\n\n\n<p>A delegacia tamb\u00e9m se manifestou sobre o caso. <strong><em>\u201cA prote\u00e7\u00e3o de crian\u00e7as e adolescentes \u00e9 uma responsabilidade de toda a sociedade, n\u00e3o apenas dos genitores e familiares. Nesse caminho, um ambiente saud\u00e1vel favorece o desenvolvimento de cidad\u00e3os mais conscientes e assegura um futuro promissor \u00e0s futuras gera\u00e7\u00f5es. A Pol\u00edcia permanece empenhada na repress\u00e3o dos crimes praticados contra crian\u00e7as e adolescentes e refor\u00e7a a import\u00e2ncia da colabora\u00e7\u00e3o da sociedade na den\u00fancia de atividades criminosas. Qualquer informa\u00e7\u00e3o relevante pode ser compartilhada de forma an\u00f4nima atrav\u00e9s do Disque-Den\u00fancia 181 ou pelo telefone telefone (42) 3532-3190 (WhatsApp)\u201d, disseram.<\/em><\/strong><\/p>\n\n\n\n<p>O promotor tamb\u00e9m orienta que familiares prestem aten\u00e7\u00e3o em todo conte\u00fado consumido na internet pelos filhos menores de idade.<\/p>\n","protected":false},"excerpt":{"rendered":"<p>A Pol\u00edcia Civil de S\u00e3o Mateus do Sul,\u00a0prendeu em flagrante um homem de 57 anos pelo armazenamento de imagens de sexo expl\u00edcito e pornogr\u00e1ficas de crian\u00e7as e adolescentes em S\u00e3o Mateus do Sul. A a\u00e7\u00e3o policial ocorreu na tarde de sexta-feira (22), durante o cumprimento de uma ordem judicial de busca e apreens\u00e3o domiciliar. Na [&hellip;]<\/p>\n","protected":false},"author":2,"featured_media":30680,"comment_status":"open","ping_status":"open","sticky":false,"template":"","format":"standard","meta":{"footnotes":""},"categories":[2],"tags":[172],"class_list":["post-30678","post","type-post","status-publish","format-standard","has-post-thumbnail","hentry","category-policial","tag-featured"],"amp_enabled":true,"_links":{"self":[{"href":"https:\/\/radiostudiow.com.br\/site\/wp-json\/wp\/v2\/posts\/30678","targetHints":{"allow":["GET"]}}],"collection":[{"href":"https:\/\/radiostudiow.com.br\/site\/wp-json\/wp\/v2\/posts"}],"about":[{"href":"https:\/\/radiostudiow.com.br\/site\/wp-json\/wp\/v2\/types\/post"}],"author":[{"embeddable":true,"href":"https:\/\/radiostudiow.com.br\/site\/wp-json\/wp\/v2\/users\/2"}],"replies":[{"embeddable":true,"href":"https:\/\/radiostudiow.com.br\/site\/wp-json\/wp\/v2\/comments?post=30678"}],"version-history":[{"count":2,"href":"https:\/\/radiostudiow.com.br\/site\/wp-json\/wp\/v2\/posts\/30678\/revisions"}],"predecessor-version":[{"id":30681,"href":"https:\/\/radiostudiow.com.br\/site\/wp-json\/wp\/v2\/posts\/30678\/revisions\/30681"}],"wp:featuredmedia":[{"embeddable":true,"href":"https:\/\/radiostudiow.com.br\/site\/wp-json\/wp\/v2\/media\/30680"}],"wp:attachment":[{"href":"https:\/\/radiostudiow.com.br\/site\/wp-json\/wp\/v2\/media?parent=30678"}],"wp:term":[{"taxonomy":"category","embeddable":true,"href":"https:\/\/radiostudiow.com.br\/site\/wp-json\/wp\/v2\/categories?post=30678"},{"taxonomy":"post_tag","embeddable":true,"href":"https:\/\/radiostudiow.com.br\/site\/wp-json\/wp\/v2\/tags?post=30678"}],"curies":[{"name":"wp","href":"https:\/\/api.w.org\/{rel}","templated":true}]}}