{"id":30682,"date":"2024-11-23T11:14:07","date_gmt":"2024-11-23T14:14:07","guid":{"rendered":"https:\/\/radiostudiow.com.br\/site\/?p=30682"},"modified":"2025-01-31T14:58:11","modified_gmt":"2025-01-31T17:58:11","slug":"crianca-de-3-anos-natural-de-imbituva-morre-apos-afogamento","status":"publish","type":"post","link":"https:\/\/radiostudiow.com.br\/site\/2024\/11\/23\/crianca-de-3-anos-natural-de-imbituva-morre-apos-afogamento\/","title":{"rendered":"Crian\u00e7a de 3 anos natural de Imbituva morre ap\u00f3s afogamento"},"content":{"rendered":"\n<p>Uma crian\u00e7a de\u00a03 anos, identificada como\u00a0Emanuel Santos de Antoni, natural de Imbituva, morreu ap\u00f3s afogamento na sexta-feira (22).<\/p>\n\n\n\n<p>Segundo informa\u00e7\u00f5es preliminares divulgadas,\u00a0a fam\u00edlia estava na cidade de Pontal do Paran\u00e1, quando Emanuel caiu na piscina.<\/p>\n\n\n\n<div class=\"wp-block-media-text is-stacked-on-mobile\"><figure class=\"wp-block-media-text__media\"><img decoding=\"async\" src=\"https:\/\/radiostudiow.com.br\/site\/wp-content\/uploads\/2024\/11\/image-63-1024x1024.png\" alt=\"\" class=\"wp-image-30211 size-full\"\/><\/figure><div class=\"wp-block-media-text__content\">\n<p>AFUBRA IRATI: \ud83d\udcde(42) 3421-1700<br>\ud83d\udccd Rua Coronel Emilio Gomes, 399, Centro &#8211; Irati &#8211; PR<\/p>\n\n\n\n<p>AFUBRA IMBITUVA: \ud83d\udcde(42) 3436-84003<br>\ud83d\udccd RUA Jacobe Brener, 830 &#8211; Centro, Imbituva &#8211; PR<\/p>\n\n\n\n<p><a href=\"https:\/\/www.lojasafubra.com.br\">https:\/\/www.lojasafubra.com.br<\/a><\/p>\n<\/div><\/div>\n\n\n\n<p>A fam\u00edlia com aux\u00edlio do Corpo de Bombeiros encaminhou Emanuel para o hospital, mas n\u00e3o poss\u00edvel reanima-lo. Ap\u00f3s confirmar a morte da crian\u00e7a, o corpo foi encaminhado ao IML de Paranagu\u00e1.<\/p>\n\n\n\n<p><em>O seu corpo ser\u00e1 velado na capela municipal de Imbituva e seu sepultamento ser\u00e1 neste s\u00e1bado (23), a partir das 17h, no cemit\u00e9rio Luterano de Imbituva.<\/em><\/p>\n\n\n\n<p><br><\/p>\n\n\n\n<p><\/p>\n","protected":false},"excerpt":{"rendered":"<p>Uma crian\u00e7a de\u00a03 anos, identificada como\u00a0Emanuel Santos de Antoni, natural de Imbituva, morreu ap\u00f3s afogamento na sexta-feira (22). Segundo informa\u00e7\u00f5es preliminares divulgadas,\u00a0a fam\u00edlia estava na cidade de Pontal do Paran\u00e1, quando Emanuel caiu na piscina. AFUBRA IRATI: \ud83d\udcde(42) 3421-1700\ud83d\udccd Rua Coronel Emilio Gomes, 399, Centro &#8211; Irati &#8211; PR AFUBRA IMBITUVA: \ud83d\udcde(42) 3436-84003\ud83d\udccd RUA Jacobe [&hellip;]<\/p>\n","protected":false},"author":2,"featured_media":30685,"comment_status":"open","ping_status":"open","sticky":false,"template":"","format":"standard","meta":{"footnotes":""},"categories":[185],"tags":[172],"class_list":["post-30682","post","type-post","status-publish","format-standard","has-post-thumbnail","hentry","category-regional","tag-featured"],"amp_enabled":true,"_links":{"self":[{"href":"https:\/\/radiostudiow.com.br\/site\/wp-json\/wp\/v2\/posts\/30682","targetHints":{"allow":["GET"]}}],"collection":[{"href":"https:\/\/radiostudiow.com.br\/site\/wp-json\/wp\/v2\/posts"}],"about":[{"href":"https:\/\/radiostudiow.com.br\/site\/wp-json\/wp\/v2\/types\/post"}],"author":[{"embeddable":true,"href":"https:\/\/radiostudiow.com.br\/site\/wp-json\/wp\/v2\/users\/2"}],"replies":[{"embeddable":true,"href":"https:\/\/radiostudiow.com.br\/site\/wp-json\/wp\/v2\/comments?post=30682"}],"version-history":[{"count":2,"href":"https:\/\/radiostudiow.com.br\/site\/wp-json\/wp\/v2\/posts\/30682\/revisions"}],"predecessor-version":[{"id":30686,"href":"https:\/\/radiostudiow.com.br\/site\/wp-json\/wp\/v2\/posts\/30682\/revisions\/30686"}],"wp:featuredmedia":[{"embeddable":true,"href":"https:\/\/radiostudiow.com.br\/site\/wp-json\/wp\/v2\/media\/30685"}],"wp:attachment":[{"href":"https:\/\/radiostudiow.com.br\/site\/wp-json\/wp\/v2\/media?parent=30682"}],"wp:term":[{"taxonomy":"category","embeddable":true,"href":"https:\/\/radiostudiow.com.br\/site\/wp-json\/wp\/v2\/categories?post=30682"},{"taxonomy":"post_tag","embeddable":true,"href":"https:\/\/radiostudiow.com.br\/site\/wp-json\/wp\/v2\/tags?post=30682"}],"curies":[{"name":"wp","href":"https:\/\/api.w.org\/{rel}","templated":true}]}}