{"id":30700,"date":"2024-11-25T09:56:48","date_gmt":"2024-11-25T12:56:48","guid":{"rendered":"https:\/\/radiostudiow.com.br\/site\/?p=30700"},"modified":"2025-01-31T14:58:11","modified_gmt":"2025-01-31T17:58:11","slug":"pm-de-uniao-da-vitoria-atende-situacao-de-violencia-domestica","status":"publish","type":"post","link":"https:\/\/radiostudiow.com.br\/site\/2024\/11\/25\/pm-de-uniao-da-vitoria-atende-situacao-de-violencia-domestica\/","title":{"rendered":"PM de Uni\u00e3o da Vit\u00f3ria atende situa\u00e7\u00e3o de viol\u00eancia dom\u00e9stica"},"content":{"rendered":"\n<p>A equipe da Pol\u00edcia Militar de Uni\u00e3o da Vit\u00f3ria foi acionada para verificar poss\u00edvel situa\u00e7\u00e3o de les\u00e3o corporal contra mulher por volta das 18:10 horas desse s\u00e1bado, 23 de novembro, no distrito de S\u00e3o Crist\u00f3v\u00e3o.<\/p>\n\n\n\n<div class=\"wp-block-media-text is-stacked-on-mobile\" style=\"grid-template-columns:43% auto\"><figure class=\"wp-block-media-text__media\"><img decoding=\"async\" src=\"https:\/\/radiostudiow.com.br\/site\/wp-content\/uploads\/2024\/11\/image-63-1024x1024.png\" alt=\"\" class=\"wp-image-30211 size-full\"\/><\/figure><div class=\"wp-block-media-text__content\">\n<p>AFUBRA IRATI: \ud83d\udcde(42) 3421-1700<br>\ud83d\udccd Rua Coronel Emilio Gomes, 399, Centro &#8211; Irati &#8211; PR<\/p>\n\n\n\n<p>AFUBRA IMBITUVA: \ud83d\udcde(42) 3436-84003<br>\ud83d\udccd RUA Jacobe Brener, 830 &#8211; Centro, Imbituva &#8211; PR<\/p>\n\n\n\n<p><a href=\"https:\/\/www.lojasafubra.com.br\">https:\/\/www.lojasafubra.com.br<\/a><\/p>\n<\/div><\/div>\n\n\n\n<p>A solicitante informou que foi agredida pelo seu marido e aguardava a presen\u00e7a policial para formalizar representa\u00e7\u00e3o. No local a v\u00edtima negou qualquer tipo de agress\u00e3o, por\u00e9m, a equipe notou uma escoria\u00e7\u00e3o na regi\u00e3o do pesco\u00e7o.<\/p>\n\n\n\n<p>Diante dos relatos das partes, a equipe conduziu os envolvidos at\u00e9 a UPA de Uni\u00e3o da Vit\u00f3ria para atendimento m\u00e9dico e posteriormente at\u00e9 a 4\u00aa SDP para apresenta\u00e7\u00e3o dos fatos a autoridade policial.<\/p>\n","protected":false},"excerpt":{"rendered":"<p>A equipe da Pol\u00edcia Militar de Uni\u00e3o da Vit\u00f3ria foi acionada para verificar poss\u00edvel situa\u00e7\u00e3o de les\u00e3o corporal contra mulher por volta das 18:10 horas desse s\u00e1bado, 23 de novembro, no distrito de S\u00e3o Crist\u00f3v\u00e3o. AFUBRA IRATI: \ud83d\udcde(42) 3421-1700\ud83d\udccd Rua Coronel Emilio Gomes, 399, Centro &#8211; Irati &#8211; PR AFUBRA IMBITUVA: \ud83d\udcde(42) 3436-84003\ud83d\udccd RUA Jacobe [&hellip;]<\/p>\n","protected":false},"author":2,"featured_media":29243,"comment_status":"open","ping_status":"open","sticky":false,"template":"","format":"standard","meta":{"footnotes":""},"categories":[2],"tags":[172],"class_list":["post-30700","post","type-post","status-publish","format-standard","has-post-thumbnail","hentry","category-policial","tag-featured"],"amp_enabled":true,"_links":{"self":[{"href":"https:\/\/radiostudiow.com.br\/site\/wp-json\/wp\/v2\/posts\/30700","targetHints":{"allow":["GET"]}}],"collection":[{"href":"https:\/\/radiostudiow.com.br\/site\/wp-json\/wp\/v2\/posts"}],"about":[{"href":"https:\/\/radiostudiow.com.br\/site\/wp-json\/wp\/v2\/types\/post"}],"author":[{"embeddable":true,"href":"https:\/\/radiostudiow.com.br\/site\/wp-json\/wp\/v2\/users\/2"}],"replies":[{"embeddable":true,"href":"https:\/\/radiostudiow.com.br\/site\/wp-json\/wp\/v2\/comments?post=30700"}],"version-history":[{"count":1,"href":"https:\/\/radiostudiow.com.br\/site\/wp-json\/wp\/v2\/posts\/30700\/revisions"}],"predecessor-version":[{"id":30701,"href":"https:\/\/radiostudiow.com.br\/site\/wp-json\/wp\/v2\/posts\/30700\/revisions\/30701"}],"wp:featuredmedia":[{"embeddable":true,"href":"https:\/\/radiostudiow.com.br\/site\/wp-json\/wp\/v2\/media\/29243"}],"wp:attachment":[{"href":"https:\/\/radiostudiow.com.br\/site\/wp-json\/wp\/v2\/media?parent=30700"}],"wp:term":[{"taxonomy":"category","embeddable":true,"href":"https:\/\/radiostudiow.com.br\/site\/wp-json\/wp\/v2\/categories?post=30700"},{"taxonomy":"post_tag","embeddable":true,"href":"https:\/\/radiostudiow.com.br\/site\/wp-json\/wp\/v2\/tags?post=30700"}],"curies":[{"name":"wp","href":"https:\/\/api.w.org\/{rel}","templated":true}]}}