{"id":30704,"date":"2024-11-25T10:11:01","date_gmt":"2024-11-25T13:11:01","guid":{"rendered":"https:\/\/radiostudiow.com.br\/site\/?p=30704"},"modified":"2025-01-31T14:58:11","modified_gmt":"2025-01-31T17:58:11","slug":"bateria-estepe-e-ferramentas-sao-furtados-de-veiculo-em-general-carneiro","status":"publish","type":"post","link":"https:\/\/radiostudiow.com.br\/site\/2024\/11\/25\/bateria-estepe-e-ferramentas-sao-furtados-de-veiculo-em-general-carneiro\/","title":{"rendered":"Bateria, estepe e ferramentas s\u00e3o furtados de ve\u00edculo em General Carneiro"},"content":{"rendered":"\n<p>Uma senhora procurou a Pol\u00edcia Militar de General Carneiro para relata que no per\u00edodo matutino constatou furto de itens de seu ve\u00edculo. O fato foi registrado por volta das 10:10 horas desse s\u00e1bado, 23 de novembro, no bairro S\u00e3o Jo\u00e3o.<\/p>\n\n\n\n<figure class=\"wp-block-image size-large\"><img decoding=\"async\" src=\"https:\/\/radiostudiow.com.br\/site\/wp-content\/uploads\/2024\/10\/zm_0002_24AG_anuncio_261x83mm-1024x359.png\" alt=\"\" class=\"wp-image-28224\"\/><\/figure>\n\n\n\n<p>De acordo com a v\u00edtima, foi furtado do seu carro uma bateria da marca Heliar 60 amperes, estepe aro 13 e outras ferramentas.<\/p>\n\n\n\n<p>A v\u00edtima ainda relatou que esses itens estavam no interior do ve\u00edculo e que o mesmo estava guardado na garagem da resid\u00eancia.<\/p>\n\n\n\n<p>Diante dos relatos os policiais orientaram a solicitante quanto aos procedimentos cab\u00edveis.<\/p>\n","protected":false},"excerpt":{"rendered":"<p>Uma senhora procurou a Pol\u00edcia Militar de General Carneiro para relata que no per\u00edodo matutino constatou furto de itens de seu ve\u00edculo. O fato foi registrado por volta das 10:10 horas desse s\u00e1bado, 23 de novembro, no bairro S\u00e3o Jo\u00e3o. De acordo com a v\u00edtima, foi furtado do seu carro uma bateria da marca Heliar [&hellip;]<\/p>\n","protected":false},"author":2,"featured_media":30395,"comment_status":"open","ping_status":"open","sticky":false,"template":"","format":"standard","meta":{"footnotes":""},"categories":[2],"tags":[172],"class_list":["post-30704","post","type-post","status-publish","format-standard","has-post-thumbnail","hentry","category-policial","tag-featured"],"amp_enabled":true,"_links":{"self":[{"href":"https:\/\/radiostudiow.com.br\/site\/wp-json\/wp\/v2\/posts\/30704","targetHints":{"allow":["GET"]}}],"collection":[{"href":"https:\/\/radiostudiow.com.br\/site\/wp-json\/wp\/v2\/posts"}],"about":[{"href":"https:\/\/radiostudiow.com.br\/site\/wp-json\/wp\/v2\/types\/post"}],"author":[{"embeddable":true,"href":"https:\/\/radiostudiow.com.br\/site\/wp-json\/wp\/v2\/users\/2"}],"replies":[{"embeddable":true,"href":"https:\/\/radiostudiow.com.br\/site\/wp-json\/wp\/v2\/comments?post=30704"}],"version-history":[{"count":1,"href":"https:\/\/radiostudiow.com.br\/site\/wp-json\/wp\/v2\/posts\/30704\/revisions"}],"predecessor-version":[{"id":30705,"href":"https:\/\/radiostudiow.com.br\/site\/wp-json\/wp\/v2\/posts\/30704\/revisions\/30705"}],"wp:featuredmedia":[{"embeddable":true,"href":"https:\/\/radiostudiow.com.br\/site\/wp-json\/wp\/v2\/media\/30395"}],"wp:attachment":[{"href":"https:\/\/radiostudiow.com.br\/site\/wp-json\/wp\/v2\/media?parent=30704"}],"wp:term":[{"taxonomy":"category","embeddable":true,"href":"https:\/\/radiostudiow.com.br\/site\/wp-json\/wp\/v2\/categories?post=30704"},{"taxonomy":"post_tag","embeddable":true,"href":"https:\/\/radiostudiow.com.br\/site\/wp-json\/wp\/v2\/tags?post=30704"}],"curies":[{"name":"wp","href":"https:\/\/api.w.org\/{rel}","templated":true}]}}