{"id":30706,"date":"2024-11-25T10:18:38","date_gmt":"2024-11-25T13:18:38","guid":{"rendered":"https:\/\/radiostudiow.com.br\/site\/?p=30706"},"modified":"2025-01-31T14:58:11","modified_gmt":"2025-01-31T17:58:11","slug":"jovem-de-26-anos-desaparece-em-irati-ultima-aparicao-foi-no-domingo-24","status":"publish","type":"post","link":"https:\/\/radiostudiow.com.br\/site\/2024\/11\/25\/jovem-de-26-anos-desaparece-em-irati-ultima-aparicao-foi-no-domingo-24\/","title":{"rendered":"Jovem de 26 anos desaparece em Irati; \u00faltima apari\u00e7\u00e3o foi no domingo (24)"},"content":{"rendered":"\n<p>Rafael Dotti, de 26 anos, est\u00e1 desaparecido desde a tarde de domingo, 24 de novembro, por volta das 16:30 horas em Irati. Ele foi visto pela \u00faltima vez vestindo chinelo, camiseta verde e cal\u00e7\u00e3o jeans.<\/p>\n\n\n\n<figure class=\"wp-block-image size-full\"><img loading=\"lazy\" decoding=\"async\" width=\"598\" height=\"204\" src=\"https:\/\/radiostudiow.com.br\/site\/wp-content\/uploads\/2024\/04\/image-29.png\" alt=\"\" class=\"wp-image-21283\" srcset=\"https:\/\/radiostudiow.com.br\/site\/wp-content\/uploads\/2024\/04\/image-29.png 598w, https:\/\/radiostudiow.com.br\/site\/wp-content\/uploads\/2024\/04\/image-29-300x102.png 300w\" sizes=\"auto, (max-width: 598px) 100vw, 598px\" \/><\/figure>\n\n\n\n<p>Desde o desaparecimento, o celular de Rafael est\u00e1 desligado e n\u00e3o h\u00e1 informa\u00e7\u00f5es sobre o seu paradeiro. J\u00e1 foram realizadas buscas em diferentes locais da cidade, incluindo visitas a conhecidos e amigos, mas, at\u00e9 o momento, ningu\u00e9m relatou ter visto o jovem.<\/p>\n\n\n\n<p>Quem tiver qualquer informa\u00e7\u00e3o que possa ajudar a localiz\u00e1-lo pode entrar em contato pelo n\u00famero 42 999315939.<\/p>\n\n\n\n<p><em><strong>Fonte: <a href=\"https:\/\/folhadeirati.com.br\/\" data-type=\"link\" data-id=\"https:\/\/folhadeirati.com.br\/\">Folha de Irati<\/a><\/strong><\/em><\/p>\n","protected":false},"excerpt":{"rendered":"<p>Rafael Dotti, de 26 anos, est\u00e1 desaparecido desde a tarde de domingo, 24 de novembro, por volta das 16:30 horas em Irati. Ele foi visto pela \u00faltima vez vestindo chinelo, camiseta verde e cal\u00e7\u00e3o jeans. Desde o desaparecimento, o celular de Rafael est\u00e1 desligado e n\u00e3o h\u00e1 informa\u00e7\u00f5es sobre o seu paradeiro. J\u00e1 foram realizadas [&hellip;]<\/p>\n","protected":false},"author":2,"featured_media":0,"comment_status":"open","ping_status":"open","sticky":false,"template":"","format":"standard","meta":{"footnotes":""},"categories":[185],"tags":[172],"class_list":["post-30706","post","type-post","status-publish","format-standard","hentry","category-regional","tag-featured"],"amp_enabled":true,"_links":{"self":[{"href":"https:\/\/radiostudiow.com.br\/site\/wp-json\/wp\/v2\/posts\/30706","targetHints":{"allow":["GET"]}}],"collection":[{"href":"https:\/\/radiostudiow.com.br\/site\/wp-json\/wp\/v2\/posts"}],"about":[{"href":"https:\/\/radiostudiow.com.br\/site\/wp-json\/wp\/v2\/types\/post"}],"author":[{"embeddable":true,"href":"https:\/\/radiostudiow.com.br\/site\/wp-json\/wp\/v2\/users\/2"}],"replies":[{"embeddable":true,"href":"https:\/\/radiostudiow.com.br\/site\/wp-json\/wp\/v2\/comments?post=30706"}],"version-history":[{"count":1,"href":"https:\/\/radiostudiow.com.br\/site\/wp-json\/wp\/v2\/posts\/30706\/revisions"}],"predecessor-version":[{"id":30708,"href":"https:\/\/radiostudiow.com.br\/site\/wp-json\/wp\/v2\/posts\/30706\/revisions\/30708"}],"wp:attachment":[{"href":"https:\/\/radiostudiow.com.br\/site\/wp-json\/wp\/v2\/media?parent=30706"}],"wp:term":[{"taxonomy":"category","embeddable":true,"href":"https:\/\/radiostudiow.com.br\/site\/wp-json\/wp\/v2\/categories?post=30706"},{"taxonomy":"post_tag","embeddable":true,"href":"https:\/\/radiostudiow.com.br\/site\/wp-json\/wp\/v2\/tags?post=30706"}],"curies":[{"name":"wp","href":"https:\/\/api.w.org\/{rel}","templated":true}]}}