{"id":30709,"date":"2024-11-25T10:29:16","date_gmt":"2024-11-25T13:29:16","guid":{"rendered":"https:\/\/radiostudiow.com.br\/site\/?p=30709"},"modified":"2025-01-31T14:58:11","modified_gmt":"2025-01-31T17:58:11","slug":"agricultores-alemaes-realizam-visitas-tecnicas-nos-municipios-de-irati-e-rio-azul","status":"publish","type":"post","link":"https:\/\/radiostudiow.com.br\/site\/2024\/11\/25\/agricultores-alemaes-realizam-visitas-tecnicas-nos-municipios-de-irati-e-rio-azul\/","title":{"rendered":"Agricultores alem\u00e3es realizam visitas t\u00e9cnicas nos munic\u00edpios de Irati e Rio Azul"},"content":{"rendered":"\n<p>Um grupo de 26 agricultores da Alemanha visitou os munic\u00edpios de Irati e Rio Azul na ter\u00e7a-feira (19), com o objetivo de conhecer de perto a realidade da produ\u00e7\u00e3o agr\u00edcola da regi\u00e3o. Os produtores alem\u00e3es est\u00e3o realizando essas visitas a diversas cidades do Paran\u00e1 para entenderem sobre as diversas formas de agricultura presentes no estado.<\/p>\n\n\n\n<p><\/p>\n\n\n\n<p><br>As visitas t\u00e9cnicas foram realizadas por interm\u00e9dio dos Sindicatos Rurais de Irati e Rio Azul, em parceria com o Supermecado Martins e a Cooperativa Cresol. Primeiramente, os agricultores visitaram a propriedade do agricultor Luiz Hin\u00e7a, na comunidade de Camacu\u00e3, em Irati, onde puderam observar as planta\u00e7\u00f5es e conhecer um pouco mais sobre o cultivo do tabaco, feij\u00e3o e erva-mate. Em seguida, deslocaram-se at\u00e9 o Supermercado Martins, em Rio Azul. No local, participaram de uma reuni\u00e3o t\u00e9cnica, que incluiu uma conversa e troca de experi\u00eancia com os produtores de hortifrutigranjeiros do munic\u00edpio, al\u00e9m de uma explica\u00e7\u00e3o sobre o funcionamento do sistema de venda direta dos agricultores da regi\u00e3o para o Supermercado Martins.<\/p>\n\n\n\n<p><br>Daniel Rosenthal, diretor do Sindicato Rural de Rol\u00e2ndia, que est\u00e1 acompanhando os agricultores durante essas visitas, traz os detalhes dessa iniciativa.<strong><em> \u201cA ideia principal em trazer essas comitivas \u00e9 promover uma troca de boas pr\u00e1ticas. As pessoas de fora v\u00eam conhecer as boas pr\u00e1ticas aqui para levar para l\u00e1. E, como o agroneg\u00f3cio \u00e9 muito importante no Brasil, eles querem ver o que os agricultores brasileiros ou o que o agroneg\u00f3cio brasileiro tem feito, para que seja reconhecido como uma atividade importante, porque, na Europa, de modo geral, a atividade agr\u00edcola n\u00e3o \u00e9 reconhecida pela popula\u00e7\u00e3o e \u00e9 muito combatida, falando que o agricultor \u00e9 o culpado dos problemas que s\u00e3o do dia a dia da popula\u00e7\u00e3o\u201d, explica.<\/em><\/strong><\/p>\n\n\n\n<p><br>O agricultor alem\u00e3o, Philipp Hoff, contou sobre sua percep\u00e7\u00e3o ap\u00f3s conhecer a agricultura brasileira de perto. <strong><em>\u201cO agricultor aqui \u00e9 extremamente profissional, respeita o meio ambiente e tem muito futuro. Em fun\u00e7\u00e3o da possibilidade de os agricultores, poderem plantar duas culturas ao ano, at\u00e9 tr\u00eas culturas ao ano, em termos de competitividade, o Brasil, est\u00e1 muito \u00e0 frente da Alemanha\u201d, destaca.<\/em><\/strong><\/p>\n\n\n\n<p><br>Mesaque Kecot Veres, presidente do Sindicato Rural de Irati, destacou a relev\u00e2ncia dessa visita para a agricultura de Irati e regi\u00e3o. <strong><em>\u201c\u00c9 muito importante porque a nossa regi\u00e3o \u00e9 formada por imigrantes, principalmente, de origem europeia. Ent\u00e3o, \u00e9 uma troca de experi\u00eancia muito positiva, eles v\u00eam para aprender e com essa troca, a gente tamb\u00e9m se percebe como que est\u00e1 a nossa regi\u00e3o e aprende tamb\u00e9m com a visita deles\u201d.<\/em><\/strong><\/p>\n\n\n\n<p><br>O secret\u00e1rio de Agricultura e Presidente do Sindicato Rural de Rio Azul, Airton Rigo Moretto, falou sobre a visita ao munic\u00edpio. <strong><em>\u201cA programa\u00e7\u00e3o incluiu uma reuni\u00e3o com os produtores de hortifrutigranjeiros aqui de Rio Azul, para conhecer e trocar informa\u00e7\u00f5es sobre o que eles est\u00e3o achando do nosso local, do nosso munic\u00edpio, da nossa forma de produzir, da nossa forma de trabalhar com a terra e da nossa forma de preservar o meio ambiente\u201d, conta.<\/em><\/strong><\/p>\n\n\n\n<p><br>Elvis Martins, diretor do Supermercado Martins, comentou sobre como foi recepcionar os agricultores da Alemanha. <em><strong>\u201cPara n\u00f3s \u00e9 uma experi\u00eancia gratificante, estarmos podendo realizar um interc\u00e2mbio de conhecimento, junto com alguns produtores locais da nossa regi\u00e3o, que hoje s\u00e3o fornecedores do Martins, uma empresa que est\u00e1 de portas abertas para qualquer tipo de iniciativa nesse segmento que vise o fortalecimento da nossa regi\u00e3o\u201d, ressalta.<\/strong><\/em><\/p>\n\n\n\n<p><br>A vice-prefeita eleita de Irati, Larissa Mazepa, que acompanhou a chegada deles, tamb\u00e9m comentou sobre a relev\u00e2ncia desse compartilhamento de experi\u00eancias. \u201cEles v\u00eam aqui para conhecer a nossa cultura, o que que a gente produz aqui, como a gente produz e fazer essa troca de experi\u00eancia. Isso s\u00f3 enriquece tanto a agricultura familiar aqui em nossa cidade, como tamb\u00e9m abre a mente dos nossos agricultores para diversificar cada vez mais a nossa agricultura\u201d, disse.<\/p>\n\n\n\n<p><em><strong>Fonte\/mat\u00e9ria: Leandro Bianco<\/strong><\/em><\/p>\n","protected":false},"excerpt":{"rendered":"<p>Um grupo de 26 agricultores da Alemanha visitou os munic\u00edpios de Irati e Rio Azul na ter\u00e7a-feira (19), com o objetivo de conhecer de perto a realidade da produ\u00e7\u00e3o agr\u00edcola da regi\u00e3o. Os produtores alem\u00e3es est\u00e3o realizando essas visitas a diversas cidades do Paran\u00e1 para entenderem sobre as diversas formas de agricultura presentes no estado. [&hellip;]<\/p>\n","protected":false},"author":2,"featured_media":30711,"comment_status":"open","ping_status":"open","sticky":false,"template":"","format":"standard","meta":{"footnotes":""},"categories":[185],"tags":[172],"class_list":["post-30709","post","type-post","status-publish","format-standard","has-post-thumbnail","hentry","category-regional","tag-featured"],"amp_enabled":true,"_links":{"self":[{"href":"https:\/\/radiostudiow.com.br\/site\/wp-json\/wp\/v2\/posts\/30709","targetHints":{"allow":["GET"]}}],"collection":[{"href":"https:\/\/radiostudiow.com.br\/site\/wp-json\/wp\/v2\/posts"}],"about":[{"href":"https:\/\/radiostudiow.com.br\/site\/wp-json\/wp\/v2\/types\/post"}],"author":[{"embeddable":true,"href":"https:\/\/radiostudiow.com.br\/site\/wp-json\/wp\/v2\/users\/2"}],"replies":[{"embeddable":true,"href":"https:\/\/radiostudiow.com.br\/site\/wp-json\/wp\/v2\/comments?post=30709"}],"version-history":[{"count":1,"href":"https:\/\/radiostudiow.com.br\/site\/wp-json\/wp\/v2\/posts\/30709\/revisions"}],"predecessor-version":[{"id":30710,"href":"https:\/\/radiostudiow.com.br\/site\/wp-json\/wp\/v2\/posts\/30709\/revisions\/30710"}],"wp:featuredmedia":[{"embeddable":true,"href":"https:\/\/radiostudiow.com.br\/site\/wp-json\/wp\/v2\/media\/30711"}],"wp:attachment":[{"href":"https:\/\/radiostudiow.com.br\/site\/wp-json\/wp\/v2\/media?parent=30709"}],"wp:term":[{"taxonomy":"category","embeddable":true,"href":"https:\/\/radiostudiow.com.br\/site\/wp-json\/wp\/v2\/categories?post=30709"},{"taxonomy":"post_tag","embeddable":true,"href":"https:\/\/radiostudiow.com.br\/site\/wp-json\/wp\/v2\/tags?post=30709"}],"curies":[{"name":"wp","href":"https:\/\/api.w.org\/{rel}","templated":true}]}}