{"id":30721,"date":"2024-11-25T11:41:46","date_gmt":"2024-11-25T14:41:46","guid":{"rendered":"https:\/\/radiostudiow.com.br\/site\/?p=30721"},"modified":"2025-01-31T14:58:11","modified_gmt":"2025-01-31T17:58:11","slug":"policia-atende-situacao-de-agressao-em-uniao-da-vitoria","status":"publish","type":"post","link":"https:\/\/radiostudiow.com.br\/site\/2024\/11\/25\/policia-atende-situacao-de-agressao-em-uniao-da-vitoria\/","title":{"rendered":"Pol\u00edcia atende situa\u00e7\u00e3o de agress\u00e3o em Uni\u00e3o da Vit\u00f3ria"},"content":{"rendered":"\n<p>A equipe da Pol\u00edcia Militar de Uni\u00e3o da Vit\u00f3ria foi acionada via sistema Sade para verificar uma poss\u00edvel situa\u00e7\u00e3o de amea\u00e7a no bairro S\u00e3o Bras por volta das 23:30 horas desse domingo (24).<\/p>\n\n\n\n<figure class=\"wp-block-image size-full\"><img loading=\"lazy\" decoding=\"async\" width=\"598\" height=\"204\" src=\"https:\/\/radiostudiow.com.br\/site\/wp-content\/uploads\/2024\/04\/image-39.png\" alt=\"\" class=\"wp-image-21311\" srcset=\"https:\/\/radiostudiow.com.br\/site\/wp-content\/uploads\/2024\/04\/image-39.png 598w, https:\/\/radiostudiow.com.br\/site\/wp-content\/uploads\/2024\/04\/image-39-300x102.png 300w\" sizes=\"auto, (max-width: 598px) 100vw, 598px\" \/><\/figure>\n\n\n\n<p>No local, os policiais conversaram com um senhor, o qual relatou que estava conversando com o outro homem onde em certo momento come\u00e7ou a lhe empurrar e desferiu alguns socos em dire\u00e7\u00e3o ao solicitante. O autor estava visivelmente embriagado e apenas negou os fatos.<\/p>\n\n\n\n<p>Diante da situa\u00e7\u00e3o exposta a v\u00edtima n\u00e3o desejar formalizar a representa\u00e7\u00e3o neste momento, as partes envolvidas foram orientadas quantos aos procedimentos cab\u00edveis e a equipe confeccionou o boletim de ocorr\u00eancia.<\/p>\n","protected":false},"excerpt":{"rendered":"<p>A equipe da Pol\u00edcia Militar de Uni\u00e3o da Vit\u00f3ria foi acionada via sistema Sade para verificar uma poss\u00edvel situa\u00e7\u00e3o de amea\u00e7a no bairro S\u00e3o Bras por volta das 23:30 horas desse domingo (24). No local, os policiais conversaram com um senhor, o qual relatou que estava conversando com o outro homem onde em certo momento [&hellip;]<\/p>\n","protected":false},"author":2,"featured_media":20320,"comment_status":"open","ping_status":"open","sticky":false,"template":"","format":"standard","meta":{"footnotes":""},"categories":[2],"tags":[172],"class_list":["post-30721","post","type-post","status-publish","format-standard","has-post-thumbnail","hentry","category-policial","tag-featured"],"amp_enabled":true,"_links":{"self":[{"href":"https:\/\/radiostudiow.com.br\/site\/wp-json\/wp\/v2\/posts\/30721","targetHints":{"allow":["GET"]}}],"collection":[{"href":"https:\/\/radiostudiow.com.br\/site\/wp-json\/wp\/v2\/posts"}],"about":[{"href":"https:\/\/radiostudiow.com.br\/site\/wp-json\/wp\/v2\/types\/post"}],"author":[{"embeddable":true,"href":"https:\/\/radiostudiow.com.br\/site\/wp-json\/wp\/v2\/users\/2"}],"replies":[{"embeddable":true,"href":"https:\/\/radiostudiow.com.br\/site\/wp-json\/wp\/v2\/comments?post=30721"}],"version-history":[{"count":1,"href":"https:\/\/radiostudiow.com.br\/site\/wp-json\/wp\/v2\/posts\/30721\/revisions"}],"predecessor-version":[{"id":30722,"href":"https:\/\/radiostudiow.com.br\/site\/wp-json\/wp\/v2\/posts\/30721\/revisions\/30722"}],"wp:featuredmedia":[{"embeddable":true,"href":"https:\/\/radiostudiow.com.br\/site\/wp-json\/wp\/v2\/media\/20320"}],"wp:attachment":[{"href":"https:\/\/radiostudiow.com.br\/site\/wp-json\/wp\/v2\/media?parent=30721"}],"wp:term":[{"taxonomy":"category","embeddable":true,"href":"https:\/\/radiostudiow.com.br\/site\/wp-json\/wp\/v2\/categories?post=30721"},{"taxonomy":"post_tag","embeddable":true,"href":"https:\/\/radiostudiow.com.br\/site\/wp-json\/wp\/v2\/tags?post=30721"}],"curies":[{"name":"wp","href":"https:\/\/api.w.org\/{rel}","templated":true}]}}