{"id":30730,"date":"2024-11-25T12:05:25","date_gmt":"2024-11-25T15:05:25","guid":{"rendered":"https:\/\/radiostudiow.com.br\/site\/?p=30730"},"modified":"2025-01-31T14:58:11","modified_gmt":"2025-01-31T17:58:11","slug":"homem-preso-por-armanezar-pornografia-infantil-em-sao-mateus-do-sul-respondera-crime-em-liberdade","status":"publish","type":"post","link":"https:\/\/radiostudiow.com.br\/site\/2024\/11\/25\/homem-preso-por-armanezar-pornografia-infantil-em-sao-mateus-do-sul-respondera-crime-em-liberdade\/","title":{"rendered":"Homem preso por armanezar pornografia infantil em S\u00e3o Mateus do Sul responder\u00e1 crime em liberdade"},"content":{"rendered":"\n<p>O\u00a0homem de 57 anos preso pelo armazenamento de imagens de sexo expl\u00edcito e pornogr\u00e1ficas de crian\u00e7as e adolescentes em S\u00e3o Mateus do Sul foi solto e responder\u00e1 o crime em liberdade.\u00a0A informa\u00e7\u00e3o da soltura foi confirmada pelo delegado-chefe de S\u00e3o Mateus do Sul e pela promotoria de justi\u00e7a.<\/p>\n\n\n\n<figure class=\"wp-block-image size-full\"><img loading=\"lazy\" decoding=\"async\" width=\"897\" height=\"204\" src=\"https:\/\/radiostudiow.com.br\/site\/wp-content\/uploads\/2024\/11\/image-49.png\" alt=\"\" class=\"wp-image-30017\" srcset=\"https:\/\/radiostudiow.com.br\/site\/wp-content\/uploads\/2024\/11\/image-49.png 897w, https:\/\/radiostudiow.com.br\/site\/wp-content\/uploads\/2024\/11\/image-49-300x68.png 300w, https:\/\/radiostudiow.com.br\/site\/wp-content\/uploads\/2024\/11\/image-49-768x175.png 768w\" sizes=\"auto, (max-width: 897px) 100vw, 897px\" \/><\/figure>\n\n\n\n<p><strong><em>\u201cJudici\u00e1rio entendeu que n\u00e3o era caso de pris\u00e3o preventiva\u201d, informou o delegado Vinicius Fernandes.<\/em><\/strong><\/p>\n\n\n\n<p>Na semana passada a Pol\u00edcia Civil apreendeu em busca domiciliar um aparelho celular usado para armazenar as imagens, repassadas pela rede mundial de computadores. O propriet\u00e1rio do aparelho foi preso em flagrante pelo crime previsto no artigo 241-B do Estatuto da Crian\u00e7a e do Adolescente, delito hediondo. Por envolver menores de idade, o caso est\u00e1 em segredo de justi\u00e7a e detalhes n\u00e3o foram repassados.<\/p>\n\n\n\n<figure class=\"wp-block-image size-full\"><img loading=\"lazy\" decoding=\"async\" width=\"900\" height=\"408\" src=\"https:\/\/radiostudiow.com.br\/site\/wp-content\/uploads\/2024\/09\/image-64-1.png\" alt=\"\" class=\"wp-image-28207\" srcset=\"https:\/\/radiostudiow.com.br\/site\/wp-content\/uploads\/2024\/09\/image-64-1.png 900w, https:\/\/radiostudiow.com.br\/site\/wp-content\/uploads\/2024\/09\/image-64-1-300x136.png 300w, https:\/\/radiostudiow.com.br\/site\/wp-content\/uploads\/2024\/09\/image-64-1-768x348.png 768w\" sizes=\"auto, (max-width: 900px) 100vw, 900px\" \/><\/figure>\n\n\n\n<p>Segundo o promotor de justi\u00e7a, Dr. Antonio Basso Filho, o homem responder\u00e1 o processo em liberdade e a Pol\u00edcia Civil concluir\u00e1 o inqu\u00e9rito policial.<\/p>\n\n\n\n<p><strong><em>\u201cEle foi preso em flagrante na sexta e o Minist\u00e9rio P\u00fablico se manifestou pela manuten\u00e7\u00e3o dele preso, s\u00f3 que o juiz entendeu que ele poderia responder em liberdade. Agora, a Pol\u00edcia vai concluir as investiga\u00e7\u00f5es do inqu\u00e9rito, encaminhar para o Minist\u00e9rio P\u00fablico, n\u00f3s vamos oferecer den\u00fancia e a\u00ed ele vai responder ao processo. Por mais que ele responda em liberdade ele vai responder pelo crime\u201d, explicou.<\/em><\/strong><\/p>\n\n\n\n<blockquote class=\"wp-block-quote is-layout-flow wp-block-quote-is-layout-flow\">\n<p class=\"has-text-align-center\"><strong>Como mencionado, as investiga\u00e7\u00f5es seguem em sigilo.<\/strong><\/p>\n<\/blockquote>\n","protected":false},"excerpt":{"rendered":"<p>O\u00a0homem de 57 anos preso pelo armazenamento de imagens de sexo expl\u00edcito e pornogr\u00e1ficas de crian\u00e7as e adolescentes em S\u00e3o Mateus do Sul foi solto e responder\u00e1 o crime em liberdade.\u00a0A informa\u00e7\u00e3o da soltura foi confirmada pelo delegado-chefe de S\u00e3o Mateus do Sul e pela promotoria de justi\u00e7a. \u201cJudici\u00e1rio entendeu que n\u00e3o era caso de [&hellip;]<\/p>\n","protected":false},"author":2,"featured_media":30731,"comment_status":"open","ping_status":"open","sticky":false,"template":"","format":"standard","meta":{"footnotes":""},"categories":[2],"tags":[172],"class_list":["post-30730","post","type-post","status-publish","format-standard","has-post-thumbnail","hentry","category-policial","tag-featured"],"amp_enabled":true,"_links":{"self":[{"href":"https:\/\/radiostudiow.com.br\/site\/wp-json\/wp\/v2\/posts\/30730","targetHints":{"allow":["GET"]}}],"collection":[{"href":"https:\/\/radiostudiow.com.br\/site\/wp-json\/wp\/v2\/posts"}],"about":[{"href":"https:\/\/radiostudiow.com.br\/site\/wp-json\/wp\/v2\/types\/post"}],"author":[{"embeddable":true,"href":"https:\/\/radiostudiow.com.br\/site\/wp-json\/wp\/v2\/users\/2"}],"replies":[{"embeddable":true,"href":"https:\/\/radiostudiow.com.br\/site\/wp-json\/wp\/v2\/comments?post=30730"}],"version-history":[{"count":1,"href":"https:\/\/radiostudiow.com.br\/site\/wp-json\/wp\/v2\/posts\/30730\/revisions"}],"predecessor-version":[{"id":30732,"href":"https:\/\/radiostudiow.com.br\/site\/wp-json\/wp\/v2\/posts\/30730\/revisions\/30732"}],"wp:featuredmedia":[{"embeddable":true,"href":"https:\/\/radiostudiow.com.br\/site\/wp-json\/wp\/v2\/media\/30731"}],"wp:attachment":[{"href":"https:\/\/radiostudiow.com.br\/site\/wp-json\/wp\/v2\/media?parent=30730"}],"wp:term":[{"taxonomy":"category","embeddable":true,"href":"https:\/\/radiostudiow.com.br\/site\/wp-json\/wp\/v2\/categories?post=30730"},{"taxonomy":"post_tag","embeddable":true,"href":"https:\/\/radiostudiow.com.br\/site\/wp-json\/wp\/v2\/tags?post=30730"}],"curies":[{"name":"wp","href":"https:\/\/api.w.org\/{rel}","templated":true}]}}