{"id":30735,"date":"2024-11-25T16:51:16","date_gmt":"2024-11-25T19:51:16","guid":{"rendered":"https:\/\/radiostudiow.com.br\/site\/?p=30735"},"modified":"2025-01-31T14:58:11","modified_gmt":"2025-01-31T17:58:11","slug":"jovem-desaparecido-e-encontrado-no-parque-da-vila-sao-joao-em-irati","status":"publish","type":"post","link":"https:\/\/radiostudiow.com.br\/site\/2024\/11\/25\/jovem-desaparecido-e-encontrado-no-parque-da-vila-sao-joao-em-irati\/","title":{"rendered":"Jovem desaparecido \u00e9 encontrado no Parque da Vila S\u00e3o Jo\u00e3o em Irati"},"content":{"rendered":"\n<p>Foi encontrado na tarde desta segunda-feira (25) Rafael Dotti, jovem que estava desaparecido desde a tarde de domingo (24), em Irati.<\/p>\n\n\n\n<p>Durante a manh\u00e3 desta segunda-feira (25), familiares do jovem entraram em contato com a equipe da Folha de Irati e informaram que o celular de Rafael estava desligado e que n\u00e3o sabiam sobre o seu paradeiro.<\/p>\n\n\n\n<div class=\"wp-block-media-text is-stacked-on-mobile\"><figure class=\"wp-block-media-text__media\"><img decoding=\"async\" src=\"https:\/\/radiostudiow.com.br\/site\/wp-content\/uploads\/2024\/11\/image-63-1024x1024.png\" alt=\"\" class=\"wp-image-30211 size-full\"\/><\/figure><div class=\"wp-block-media-text__content\">\n<p>AFUBRA IRATI: \ud83d\udcde(42) 3421-1700<br>\ud83d\udccd Rua Coronel Emilio Gomes, 399, Centro &#8211; Irati &#8211; PR<\/p>\n\n\n\n<p>AFUBRA IMBITUVA: \ud83d\udcde(42) 3436-84003<br>\ud83d\udccd RUA Jacobe Brener, 830 &#8211; Centro, Imbituva &#8211; PR<\/p>\n\n\n\n<p><a href=\"https:\/\/www.lojasafubra.com.br\">https:\/\/www.lojasafubra.com.br<\/a><\/p>\n<\/div><\/div>\n\n\n\n<p>Desde o momento em que o jovem foi dado como desaparecido, buscas foram realizadas em diferentes localidades do munic\u00edpio, incluindo visitas \u00e0 casa de amigos e conhecidos, mas sem sucesso em encontrar o paradeiro de Dotti. E, durante o in\u00edcio da tarde de hoje, por volta das 13h, familiares e amigos confirmaram a informa\u00e7\u00e3o de que Rafael foi encontrado no Parque da Vila S\u00e3o Jo\u00e3o, em Irati.<\/p>\n\n\n\n<p>A fam\u00edlia ainda n\u00e3o confirmou o estado de sa\u00fade do jovem e nem o motivo do desaparecimento.<\/p>\n","protected":false},"excerpt":{"rendered":"<p>Foi encontrado na tarde desta segunda-feira (25) Rafael Dotti, jovem que estava desaparecido desde a tarde de domingo (24), em Irati. Durante a manh\u00e3 desta segunda-feira (25), familiares do jovem entraram em contato com a equipe da Folha de Irati e informaram que o celular de Rafael estava desligado e que n\u00e3o sabiam sobre o [&hellip;]<\/p>\n","protected":false},"author":2,"featured_media":30736,"comment_status":"open","ping_status":"open","sticky":false,"template":"","format":"standard","meta":{"footnotes":""},"categories":[185],"tags":[172],"class_list":["post-30735","post","type-post","status-publish","format-standard","has-post-thumbnail","hentry","category-regional","tag-featured"],"amp_enabled":true,"_links":{"self":[{"href":"https:\/\/radiostudiow.com.br\/site\/wp-json\/wp\/v2\/posts\/30735","targetHints":{"allow":["GET"]}}],"collection":[{"href":"https:\/\/radiostudiow.com.br\/site\/wp-json\/wp\/v2\/posts"}],"about":[{"href":"https:\/\/radiostudiow.com.br\/site\/wp-json\/wp\/v2\/types\/post"}],"author":[{"embeddable":true,"href":"https:\/\/radiostudiow.com.br\/site\/wp-json\/wp\/v2\/users\/2"}],"replies":[{"embeddable":true,"href":"https:\/\/radiostudiow.com.br\/site\/wp-json\/wp\/v2\/comments?post=30735"}],"version-history":[{"count":1,"href":"https:\/\/radiostudiow.com.br\/site\/wp-json\/wp\/v2\/posts\/30735\/revisions"}],"predecessor-version":[{"id":30737,"href":"https:\/\/radiostudiow.com.br\/site\/wp-json\/wp\/v2\/posts\/30735\/revisions\/30737"}],"wp:featuredmedia":[{"embeddable":true,"href":"https:\/\/radiostudiow.com.br\/site\/wp-json\/wp\/v2\/media\/30736"}],"wp:attachment":[{"href":"https:\/\/radiostudiow.com.br\/site\/wp-json\/wp\/v2\/media?parent=30735"}],"wp:term":[{"taxonomy":"category","embeddable":true,"href":"https:\/\/radiostudiow.com.br\/site\/wp-json\/wp\/v2\/categories?post=30735"},{"taxonomy":"post_tag","embeddable":true,"href":"https:\/\/radiostudiow.com.br\/site\/wp-json\/wp\/v2\/tags?post=30735"}],"curies":[{"name":"wp","href":"https:\/\/api.w.org\/{rel}","templated":true}]}}