{"id":30739,"date":"2024-11-25T18:05:45","date_gmt":"2024-11-25T21:05:45","guid":{"rendered":"https:\/\/radiostudiow.com.br\/site\/?p=30739"},"modified":"2025-01-31T14:58:11","modified_gmt":"2025-01-31T17:58:11","slug":"colisao-deixa-feridos-na-br-476","status":"publish","type":"post","link":"https:\/\/radiostudiow.com.br\/site\/2024\/11\/25\/colisao-deixa-feridos-na-br-476\/","title":{"rendered":"Colis\u00e3o deixa feridos na BR-476"},"content":{"rendered":"\n<p>O corpo de bombeiros de Uni\u00e3o da Vit\u00f3ria foi acionado at\u00e9 a rodovia BR-476 para atender a um acidente de tr\u00e2nsito tipo colis\u00e3o por volta das 17 horas deste domingo (24).<\/p>\n\n\n\n<p>No local a equipe encontrou dois ve\u00edculos, um Crevrolet S10 LTZ azul com placas de S\u00e3o Paulo e um autom\u00f3vel Peugeot 207 de cor cinza.<\/p>\n\n\n\n<figure class=\"wp-block-image size-full\"><img loading=\"lazy\" decoding=\"async\" width=\"851\" height=\"315\" src=\"https:\/\/radiostudiow.com.br\/site\/wp-content\/uploads\/2024\/11\/image-102.png\" alt=\"\" class=\"wp-image-30741\" srcset=\"https:\/\/radiostudiow.com.br\/site\/wp-content\/uploads\/2024\/11\/image-102.png 851w, https:\/\/radiostudiow.com.br\/site\/wp-content\/uploads\/2024\/11\/image-102-300x111.png 300w, https:\/\/radiostudiow.com.br\/site\/wp-content\/uploads\/2024\/11\/image-102-768x284.png 768w\" sizes=\"auto, (max-width: 851px) 100vw, 851px\" \/><\/figure>\n\n\n\n<p>Duas v\u00edtimas necessitaram de atendimento, uma com contus\u00f5es na regi\u00e3o lombar que foi encaminhada ao Hospital Regional S\u00e3o Camilo e a outra v\u00edtima que apresentava ferimentos leves, recusou o encaminhamento ao hospital.<\/p>\n\n\n\n<p>A din\u00e2mica do acidente n\u00e3o foi divulgada.<\/p>\n","protected":false},"excerpt":{"rendered":"<p>O corpo de bombeiros de Uni\u00e3o da Vit\u00f3ria foi acionado at\u00e9 a rodovia BR-476 para atender a um acidente de tr\u00e2nsito tipo colis\u00e3o por volta das 17 horas deste domingo (24). No local a equipe encontrou dois ve\u00edculos, um Crevrolet S10 LTZ azul com placas de S\u00e3o Paulo e um autom\u00f3vel Peugeot 207 de cor [&hellip;]<\/p>\n","protected":false},"author":2,"featured_media":30740,"comment_status":"open","ping_status":"open","sticky":false,"template":"","format":"standard","meta":{"footnotes":""},"categories":[185],"tags":[172],"class_list":["post-30739","post","type-post","status-publish","format-standard","has-post-thumbnail","hentry","category-regional","tag-featured"],"amp_enabled":true,"_links":{"self":[{"href":"https:\/\/radiostudiow.com.br\/site\/wp-json\/wp\/v2\/posts\/30739","targetHints":{"allow":["GET"]}}],"collection":[{"href":"https:\/\/radiostudiow.com.br\/site\/wp-json\/wp\/v2\/posts"}],"about":[{"href":"https:\/\/radiostudiow.com.br\/site\/wp-json\/wp\/v2\/types\/post"}],"author":[{"embeddable":true,"href":"https:\/\/radiostudiow.com.br\/site\/wp-json\/wp\/v2\/users\/2"}],"replies":[{"embeddable":true,"href":"https:\/\/radiostudiow.com.br\/site\/wp-json\/wp\/v2\/comments?post=30739"}],"version-history":[{"count":1,"href":"https:\/\/radiostudiow.com.br\/site\/wp-json\/wp\/v2\/posts\/30739\/revisions"}],"predecessor-version":[{"id":30742,"href":"https:\/\/radiostudiow.com.br\/site\/wp-json\/wp\/v2\/posts\/30739\/revisions\/30742"}],"wp:featuredmedia":[{"embeddable":true,"href":"https:\/\/radiostudiow.com.br\/site\/wp-json\/wp\/v2\/media\/30740"}],"wp:attachment":[{"href":"https:\/\/radiostudiow.com.br\/site\/wp-json\/wp\/v2\/media?parent=30739"}],"wp:term":[{"taxonomy":"category","embeddable":true,"href":"https:\/\/radiostudiow.com.br\/site\/wp-json\/wp\/v2\/categories?post=30739"},{"taxonomy":"post_tag","embeddable":true,"href":"https:\/\/radiostudiow.com.br\/site\/wp-json\/wp\/v2\/tags?post=30739"}],"curies":[{"name":"wp","href":"https:\/\/api.w.org\/{rel}","templated":true}]}}