{"id":30743,"date":"2024-11-25T18:10:37","date_gmt":"2024-11-25T21:10:37","guid":{"rendered":"https:\/\/radiostudiow.com.br\/site\/?p=30743"},"modified":"2025-01-31T14:58:10","modified_gmt":"2025-01-31T17:58:10","slug":"editais-da-lei-paulo-gustavo-estao-abertos-em-mallet-pr","status":"publish","type":"post","link":"https:\/\/radiostudiow.com.br\/site\/2024\/11\/25\/editais-da-lei-paulo-gustavo-estao-abertos-em-mallet-pr\/","title":{"rendered":"Editais da Lei Paulo Gustavo est\u00e3o abertos em Mallet-PR"},"content":{"rendered":"\n<p>A Secretaria de Cultura e Turismo de Mallet-PR informa que est\u00e3o abertas as inscri\u00e7\u00f5es para os editais da Lei Paulo Gustavo. Com o objetivo de fomentar a produ\u00e7\u00e3o cultural local, est\u00e3o dispon\u00edveis dois editais: 02\/2024 Outras \u00c1reas e 03\/2024 AudioVisual.<\/p>\n\n\n\n<p>Os interessados t\u00eam at\u00e9 o dia 27 de novembro para inscreverem seus projetos, para mais informa\u00e7\u00f5es \u00e9 s\u00f3 consultar o site: www.mallet.pr.gov.br.<\/p>\n\n\n\n<figure class=\"wp-block-image size-full\"><img loading=\"lazy\" decoding=\"async\" width=\"900\" height=\"408\" src=\"https:\/\/radiostudiow.com.br\/site\/wp-content\/uploads\/2024\/09\/image-64-1.png\" alt=\"\" class=\"wp-image-28207\" srcset=\"https:\/\/radiostudiow.com.br\/site\/wp-content\/uploads\/2024\/09\/image-64-1.png 900w, https:\/\/radiostudiow.com.br\/site\/wp-content\/uploads\/2024\/09\/image-64-1-300x136.png 300w, https:\/\/radiostudiow.com.br\/site\/wp-content\/uploads\/2024\/09\/image-64-1-768x348.png 768w\" sizes=\"auto, (max-width: 900px) 100vw, 900px\" \/><\/figure>\n\n\n\n<p>A Lei Paulo Gustavo \u00e9 uma iniciativa federal que busca incentivar e valorizar a cultura em todo o pa\u00eds, promovendo oportunidades para artistas, produtores culturais e demais profissionais do setor. Em Mallet, os editais representam uma oportunidade \u00fanica para fortalecer a identidade cultural do munic\u00edpio e apoiar a criatividade local.<\/p>\n\n\n\n<p>Para mais informa\u00e7\u00f5es, os interessados podem acessar o site ou procurar a Secretaria de Cultura. N\u00e3o perca a chance de contribuir com a cultura de Mallet!<\/p>\n","protected":false},"excerpt":{"rendered":"<p>A Secretaria de Cultura e Turismo de Mallet-PR informa que est\u00e3o abertas as inscri\u00e7\u00f5es para os editais da Lei Paulo Gustavo. Com o objetivo de fomentar a produ\u00e7\u00e3o cultural local, est\u00e3o dispon\u00edveis dois editais: 02\/2024 Outras \u00c1reas e 03\/2024 AudioVisual. Os interessados t\u00eam at\u00e9 o dia 27 de novembro para inscreverem seus projetos, para mais [&hellip;]<\/p>\n","protected":false},"author":2,"featured_media":30744,"comment_status":"open","ping_status":"open","sticky":false,"template":"","format":"standard","meta":{"footnotes":""},"categories":[184],"tags":[172],"class_list":["post-30743","post","type-post","status-publish","format-standard","has-post-thumbnail","hentry","category-local","tag-featured"],"amp_enabled":true,"_links":{"self":[{"href":"https:\/\/radiostudiow.com.br\/site\/wp-json\/wp\/v2\/posts\/30743","targetHints":{"allow":["GET"]}}],"collection":[{"href":"https:\/\/radiostudiow.com.br\/site\/wp-json\/wp\/v2\/posts"}],"about":[{"href":"https:\/\/radiostudiow.com.br\/site\/wp-json\/wp\/v2\/types\/post"}],"author":[{"embeddable":true,"href":"https:\/\/radiostudiow.com.br\/site\/wp-json\/wp\/v2\/users\/2"}],"replies":[{"embeddable":true,"href":"https:\/\/radiostudiow.com.br\/site\/wp-json\/wp\/v2\/comments?post=30743"}],"version-history":[{"count":1,"href":"https:\/\/radiostudiow.com.br\/site\/wp-json\/wp\/v2\/posts\/30743\/revisions"}],"predecessor-version":[{"id":30745,"href":"https:\/\/radiostudiow.com.br\/site\/wp-json\/wp\/v2\/posts\/30743\/revisions\/30745"}],"wp:featuredmedia":[{"embeddable":true,"href":"https:\/\/radiostudiow.com.br\/site\/wp-json\/wp\/v2\/media\/30744"}],"wp:attachment":[{"href":"https:\/\/radiostudiow.com.br\/site\/wp-json\/wp\/v2\/media?parent=30743"}],"wp:term":[{"taxonomy":"category","embeddable":true,"href":"https:\/\/radiostudiow.com.br\/site\/wp-json\/wp\/v2\/categories?post=30743"},{"taxonomy":"post_tag","embeddable":true,"href":"https:\/\/radiostudiow.com.br\/site\/wp-json\/wp\/v2\/tags?post=30743"}],"curies":[{"name":"wp","href":"https:\/\/api.w.org\/{rel}","templated":true}]}}