{"id":30761,"date":"2024-11-25T21:06:37","date_gmt":"2024-11-26T00:06:37","guid":{"rendered":"https:\/\/radiostudiow.com.br\/site\/?p=30761"},"modified":"2025-01-31T14:58:10","modified_gmt":"2025-01-31T17:58:10","slug":"homem-morre-apos-resistir-a-abordagem-policial-em-paula-freitas","status":"publish","type":"post","link":"https:\/\/radiostudiow.com.br\/site\/2024\/11\/25\/homem-morre-apos-resistir-a-abordagem-policial-em-paula-freitas\/","title":{"rendered":"Homem morre ap\u00f3s resistir a abordagem policial em Paula Freitas"},"content":{"rendered":"\n<p>Um homem morreu depois de resistir a pris\u00e3o e atacar a equipe da Pol\u00edcia Militar de Paula Freitas na \u00e1rea rural na tarde deste s\u00e1bado (23).<\/p>\n\n\n\n<div class=\"wp-block-media-text is-stacked-on-mobile\"><figure class=\"wp-block-media-text__media\"><img decoding=\"async\" src=\"https:\/\/radiostudiow.com.br\/site\/wp-content\/uploads\/2024\/11\/image-63-1024x1024.png\" alt=\"\" class=\"wp-image-30211 size-full\"\/><\/figure><div class=\"wp-block-media-text__content\">\n<p>AFUBRA IRATI: \ud83d\udcde(42) 3421-1700<br>\ud83d\udccd Rua Coronel Emilio Gomes, 399, Centro &#8211; Irati &#8211; PR<\/p>\n\n\n\n<p>AFUBRA IMBITUVA: \ud83d\udcde(42) 3436-84003<br>\ud83d\udccd RUA Jacobe Brener, 830 &#8211; Centro, Imbituva &#8211; PR<\/p>\n\n\n\n<p><a href=\"https:\/\/www.lojasafubra.com.br\">https:\/\/www.lojasafubra.com.br<\/a><\/p>\n<\/div><\/div>\n\n\n\n<p>Segundo a PM, a equipe foi acionada para atender uma situa\u00e7\u00e3o de briga entre irm\u00e3os, que ambos estavam armados com fac\u00e3o. Quando a equipe chegou no local, um dos envolvidos investiu contra os policias que revidaram a agress\u00e3o.<\/p>\n\n\n\n<p>O homem foi alvejado por disparos de arma de fogo e morreu no local. O resgate foi acionado por\u00e9m, o suspeito n\u00e3o resistiu aos ferimentos.<\/p>\n","protected":false},"excerpt":{"rendered":"<p>Um homem morreu depois de resistir a pris\u00e3o e atacar a equipe da Pol\u00edcia Militar de Paula Freitas na \u00e1rea rural na tarde deste s\u00e1bado (23). AFUBRA IRATI: \ud83d\udcde(42) 3421-1700\ud83d\udccd Rua Coronel Emilio Gomes, 399, Centro &#8211; Irati &#8211; PR AFUBRA IMBITUVA: \ud83d\udcde(42) 3436-84003\ud83d\udccd RUA Jacobe Brener, 830 &#8211; Centro, Imbituva &#8211; PR https:\/\/www.lojasafubra.com.br Segundo [&hellip;]<\/p>\n","protected":false},"author":2,"featured_media":30763,"comment_status":"open","ping_status":"open","sticky":false,"template":"","format":"standard","meta":{"footnotes":""},"categories":[2],"tags":[172],"class_list":["post-30761","post","type-post","status-publish","format-standard","has-post-thumbnail","hentry","category-policial","tag-featured"],"amp_enabled":true,"_links":{"self":[{"href":"https:\/\/radiostudiow.com.br\/site\/wp-json\/wp\/v2\/posts\/30761","targetHints":{"allow":["GET"]}}],"collection":[{"href":"https:\/\/radiostudiow.com.br\/site\/wp-json\/wp\/v2\/posts"}],"about":[{"href":"https:\/\/radiostudiow.com.br\/site\/wp-json\/wp\/v2\/types\/post"}],"author":[{"embeddable":true,"href":"https:\/\/radiostudiow.com.br\/site\/wp-json\/wp\/v2\/users\/2"}],"replies":[{"embeddable":true,"href":"https:\/\/radiostudiow.com.br\/site\/wp-json\/wp\/v2\/comments?post=30761"}],"version-history":[{"count":2,"href":"https:\/\/radiostudiow.com.br\/site\/wp-json\/wp\/v2\/posts\/30761\/revisions"}],"predecessor-version":[{"id":30766,"href":"https:\/\/radiostudiow.com.br\/site\/wp-json\/wp\/v2\/posts\/30761\/revisions\/30766"}],"wp:featuredmedia":[{"embeddable":true,"href":"https:\/\/radiostudiow.com.br\/site\/wp-json\/wp\/v2\/media\/30763"}],"wp:attachment":[{"href":"https:\/\/radiostudiow.com.br\/site\/wp-json\/wp\/v2\/media?parent=30761"}],"wp:term":[{"taxonomy":"category","embeddable":true,"href":"https:\/\/radiostudiow.com.br\/site\/wp-json\/wp\/v2\/categories?post=30761"},{"taxonomy":"post_tag","embeddable":true,"href":"https:\/\/radiostudiow.com.br\/site\/wp-json\/wp\/v2\/tags?post=30761"}],"curies":[{"name":"wp","href":"https:\/\/api.w.org\/{rel}","templated":true}]}}