{"id":30769,"date":"2024-11-26T09:53:54","date_gmt":"2024-11-26T12:53:54","guid":{"rendered":"https:\/\/radiostudiow.com.br\/site\/?p=30769"},"modified":"2025-01-31T14:58:10","modified_gmt":"2025-01-31T17:58:10","slug":"incendio-destroi-residencia-em-paula-freitas-e-mobiliza-comunidade-para-ajudar","status":"publish","type":"post","link":"https:\/\/radiostudiow.com.br\/site\/2024\/11\/26\/incendio-destroi-residencia-em-paula-freitas-e-mobiliza-comunidade-para-ajudar\/","title":{"rendered":"Inc\u00eandio destr\u00f3i resid\u00eancia em Paula Freitas e mobiliza comunidade para ajudar"},"content":{"rendered":"\n<p>Na manh\u00e3 desta segunda-feira, 25 de novembro, um inc\u00eandio de grandes propor\u00e7\u00f5es destruiu completamente uma resid\u00eancia localizada na regi\u00e3o conhecida como Faxinal, em Paula Freitas.<\/p>\n\n\n\n<p>No local viviam duas pessoas, que perderam todos os pertences devido \u00e0s chamas. Infelizmente, uma cadelinha de estima\u00e7\u00e3o que estava dentro da casa tamb\u00e9m n\u00e3o resistiu.<\/p>\n\n\n\n<figure class=\"wp-block-image size-large\"><img decoding=\"async\" src=\"https:\/\/radiostudiow.com.br\/site\/wp-content\/uploads\/2024\/10\/zm_0002_24AG_anuncio_261x83mm-1024x359.png\" alt=\"\" class=\"wp-image-28224\"\/><\/figure>\n\n\n\n<p>Ainda n\u00e3o se sabe as causas do inc\u00eandio, e uma per\u00edcia ser\u00e1 realizada para apurar os fatos.<\/p>\n\n\n\n<p>A trag\u00e9dia mobilizou amigos e moradores da regi\u00e3o, que iniciaram uma campanha solid\u00e1ria para ajudar a fam\u00edlia a recome\u00e7ar. Donativos como roupas, alimentos, m\u00f3veis e materiais de constru\u00e7\u00e3o est\u00e3o sendo arrecadados. Qualquer ajuda \u00e9 bem-vinda neste momento dif\u00edcil.<\/p>\n\n\n\n<blockquote class=\"wp-block-quote is-layout-flow wp-block-quote-is-layout-flow\">\n<p class=\"has-text-align-center\">Quem quiser colaborar pode entrar em contato com os organizadores da campanha pelo n\u00famero 42 9 9911-3498.<\/p>\n<\/blockquote>\n\n\n\n<figure class=\"wp-block-video\"><video controls src=\"https:\/\/radiostudiow.com.br\/site\/wp-content\/uploads\/2024\/11\/WhatsApp-Video-2024-11-25-at-10.13.13.mp4\"><\/video><\/figure>\n","protected":false},"excerpt":{"rendered":"<p>Na manh\u00e3 desta segunda-feira, 25 de novembro, um inc\u00eandio de grandes propor\u00e7\u00f5es destruiu completamente uma resid\u00eancia localizada na regi\u00e3o conhecida como Faxinal, em Paula Freitas. No local viviam duas pessoas, que perderam todos os pertences devido \u00e0s chamas. Infelizmente, uma cadelinha de estima\u00e7\u00e3o que estava dentro da casa tamb\u00e9m n\u00e3o resistiu. Ainda n\u00e3o se sabe [&hellip;]<\/p>\n","protected":false},"author":2,"featured_media":30770,"comment_status":"open","ping_status":"open","sticky":false,"template":"","format":"standard","meta":{"footnotes":""},"categories":[185],"tags":[172],"class_list":["post-30769","post","type-post","status-publish","format-standard","has-post-thumbnail","hentry","category-regional","tag-featured"],"amp_enabled":true,"_links":{"self":[{"href":"https:\/\/radiostudiow.com.br\/site\/wp-json\/wp\/v2\/posts\/30769","targetHints":{"allow":["GET"]}}],"collection":[{"href":"https:\/\/radiostudiow.com.br\/site\/wp-json\/wp\/v2\/posts"}],"about":[{"href":"https:\/\/radiostudiow.com.br\/site\/wp-json\/wp\/v2\/types\/post"}],"author":[{"embeddable":true,"href":"https:\/\/radiostudiow.com.br\/site\/wp-json\/wp\/v2\/users\/2"}],"replies":[{"embeddable":true,"href":"https:\/\/radiostudiow.com.br\/site\/wp-json\/wp\/v2\/comments?post=30769"}],"version-history":[{"count":1,"href":"https:\/\/radiostudiow.com.br\/site\/wp-json\/wp\/v2\/posts\/30769\/revisions"}],"predecessor-version":[{"id":30772,"href":"https:\/\/radiostudiow.com.br\/site\/wp-json\/wp\/v2\/posts\/30769\/revisions\/30772"}],"wp:featuredmedia":[{"embeddable":true,"href":"https:\/\/radiostudiow.com.br\/site\/wp-json\/wp\/v2\/media\/30770"}],"wp:attachment":[{"href":"https:\/\/radiostudiow.com.br\/site\/wp-json\/wp\/v2\/media?parent=30769"}],"wp:term":[{"taxonomy":"category","embeddable":true,"href":"https:\/\/radiostudiow.com.br\/site\/wp-json\/wp\/v2\/categories?post=30769"},{"taxonomy":"post_tag","embeddable":true,"href":"https:\/\/radiostudiow.com.br\/site\/wp-json\/wp\/v2\/tags?post=30769"}],"curies":[{"name":"wp","href":"https:\/\/api.w.org\/{rel}","templated":true}]}}