{"id":30773,"date":"2024-11-26T09:57:17","date_gmt":"2024-11-26T12:57:17","guid":{"rendered":"https:\/\/radiostudiow.com.br\/site\/?p=30773"},"modified":"2025-01-31T14:58:10","modified_gmt":"2025-01-31T17:58:10","slug":"colisao-entre-duas-carretas-interditou-transito-na-pr-447","status":"publish","type":"post","link":"https:\/\/radiostudiow.com.br\/site\/2024\/11\/26\/colisao-entre-duas-carretas-interditou-transito-na-pr-447\/","title":{"rendered":"Colis\u00e3o entre duas carretas interditou tr\u00e2nsito na PR-447"},"content":{"rendered":"\n<p>Na tarde desta segunda-feira, 25 de novembro, uma acidente envolveu duas carretas na PR-447, na estrada que da acesso a Cruz Machado.<\/p>\n\n\n\n<figure class=\"wp-block-image size-full\"><img loading=\"lazy\" decoding=\"async\" width=\"900\" height=\"408\" src=\"https:\/\/radiostudiow.com.br\/site\/wp-content\/uploads\/2024\/09\/image-64-1.png\" alt=\"\" class=\"wp-image-28207\" srcset=\"https:\/\/radiostudiow.com.br\/site\/wp-content\/uploads\/2024\/09\/image-64-1.png 900w, https:\/\/radiostudiow.com.br\/site\/wp-content\/uploads\/2024\/09\/image-64-1-300x136.png 300w, https:\/\/radiostudiow.com.br\/site\/wp-content\/uploads\/2024\/09\/image-64-1-768x348.png 768w\" sizes=\"auto, (max-width: 900px) 100vw, 900px\" \/><\/figure>\n\n\n\n<p>Felizmente, ningu\u00e9m feriu nenhum acidente, mas o impacto deixou a rodovia completamente interditada at\u00e9 a retirada dos ve\u00edculos.<\/p>\n\n\n\n<p>De acordo com informa\u00e7\u00f5es preliminares, uma das carretas transportava uma carga de toras de pinus, enquanto a outra levava uma m\u00e1quina de asfalto.<\/p>\n\n\n\n<figure class=\"wp-block-gallery has-nested-images columns-default is-cropped wp-block-gallery-1 is-layout-flex wp-block-gallery-is-layout-flex\">\n<figure class=\"wp-block-image size-large\"><img loading=\"lazy\" decoding=\"async\" width=\"647\" height=\"600\" data-id=\"30777\" src=\"https:\/\/radiostudiow.com.br\/site\/wp-content\/uploads\/2024\/11\/03-1.jpeg\" alt=\"\" class=\"wp-image-30777\" srcset=\"https:\/\/radiostudiow.com.br\/site\/wp-content\/uploads\/2024\/11\/03-1.jpeg 647w, https:\/\/radiostudiow.com.br\/site\/wp-content\/uploads\/2024\/11\/03-1-300x278.jpeg 300w\" sizes=\"auto, (max-width: 647px) 100vw, 647px\" \/><\/figure>\n\n\n\n<figure class=\"wp-block-image size-large\"><img loading=\"lazy\" decoding=\"async\" width=\"337\" height=\"600\" data-id=\"30776\" src=\"https:\/\/radiostudiow.com.br\/site\/wp-content\/uploads\/2024\/11\/03-3.jpeg\" alt=\"\" class=\"wp-image-30776\" srcset=\"https:\/\/radiostudiow.com.br\/site\/wp-content\/uploads\/2024\/11\/03-3.jpeg 337w, https:\/\/radiostudiow.com.br\/site\/wp-content\/uploads\/2024\/11\/03-3-169x300.jpeg 169w\" sizes=\"auto, (max-width: 337px) 100vw, 337px\" \/><\/figure>\n<\/figure>\n","protected":false},"excerpt":{"rendered":"<p>Na tarde desta segunda-feira, 25 de novembro, uma acidente envolveu duas carretas na PR-447, na estrada que da acesso a Cruz Machado. Felizmente, ningu\u00e9m feriu nenhum acidente, mas o impacto deixou a rodovia completamente interditada at\u00e9 a retirada dos ve\u00edculos. De acordo com informa\u00e7\u00f5es preliminares, uma das carretas transportava uma carga de toras de pinus, [&hellip;]<\/p>\n","protected":false},"author":2,"featured_media":30775,"comment_status":"open","ping_status":"open","sticky":false,"template":"","format":"standard","meta":{"footnotes":""},"categories":[185],"tags":[172],"class_list":["post-30773","post","type-post","status-publish","format-standard","has-post-thumbnail","hentry","category-regional","tag-featured"],"amp_enabled":true,"_links":{"self":[{"href":"https:\/\/radiostudiow.com.br\/site\/wp-json\/wp\/v2\/posts\/30773","targetHints":{"allow":["GET"]}}],"collection":[{"href":"https:\/\/radiostudiow.com.br\/site\/wp-json\/wp\/v2\/posts"}],"about":[{"href":"https:\/\/radiostudiow.com.br\/site\/wp-json\/wp\/v2\/types\/post"}],"author":[{"embeddable":true,"href":"https:\/\/radiostudiow.com.br\/site\/wp-json\/wp\/v2\/users\/2"}],"replies":[{"embeddable":true,"href":"https:\/\/radiostudiow.com.br\/site\/wp-json\/wp\/v2\/comments?post=30773"}],"version-history":[{"count":2,"href":"https:\/\/radiostudiow.com.br\/site\/wp-json\/wp\/v2\/posts\/30773\/revisions"}],"predecessor-version":[{"id":30778,"href":"https:\/\/radiostudiow.com.br\/site\/wp-json\/wp\/v2\/posts\/30773\/revisions\/30778"}],"wp:featuredmedia":[{"embeddable":true,"href":"https:\/\/radiostudiow.com.br\/site\/wp-json\/wp\/v2\/media\/30775"}],"wp:attachment":[{"href":"https:\/\/radiostudiow.com.br\/site\/wp-json\/wp\/v2\/media?parent=30773"}],"wp:term":[{"taxonomy":"category","embeddable":true,"href":"https:\/\/radiostudiow.com.br\/site\/wp-json\/wp\/v2\/categories?post=30773"},{"taxonomy":"post_tag","embeddable":true,"href":"https:\/\/radiostudiow.com.br\/site\/wp-json\/wp\/v2\/tags?post=30773"}],"curies":[{"name":"wp","href":"https:\/\/api.w.org\/{rel}","templated":true}]}}