{"id":30781,"date":"2024-11-26T10:16:34","date_gmt":"2024-11-26T13:16:34","guid":{"rendered":"https:\/\/radiostudiow.com.br\/site\/?p=30781"},"modified":"2025-01-31T14:58:10","modified_gmt":"2025-01-31T17:58:10","slug":"morador-de-prudentopolis-e-multado-no-valor-total-de-r-97-50000-e-respondera-criminalmente-pelos-danos-ambientais","status":"publish","type":"post","link":"https:\/\/radiostudiow.com.br\/site\/2024\/11\/26\/morador-de-prudentopolis-e-multado-no-valor-total-de-r-97-50000-e-respondera-criminalmente-pelos-danos-ambientais\/","title":{"rendered":"Morador de Prudent\u00f3polis \u00e9 multado no valor total de R$ 97.500,00 e responder\u00e1 criminalmente pelos danos ambientais"},"content":{"rendered":"\n<p>A equipe da Pol\u00edcia Ambiental constataram em uma propriedade na localidade de Tijuco Preto, o dano em vegeta\u00e7\u00e3o nativa mediante corte com motosserra e uso de fogo.<\/p>\n\n\n\n<p>Do desmatamento foi totalizado 4,94 hectares, atingindo ainda \u00e1rea de preserva\u00e7\u00e3o permanente e esp\u00e9cies amea\u00e7adas de extin\u00e7\u00e3o como o pinheiro arauc\u00e1ria, a imbuia e o xaxim. Tamb\u00e9m foi constatado o funcionamento irregular de dois fornos de carv\u00e3o.<\/p>\n\n\n\n<div class=\"wp-block-media-text is-stacked-on-mobile\"><figure class=\"wp-block-media-text__media\"><img decoding=\"async\" src=\"https:\/\/radiostudiow.com.br\/site\/wp-content\/uploads\/2024\/11\/image-63-1024x1024.png\" alt=\"\" class=\"wp-image-30211 size-full\"\/><\/figure><div class=\"wp-block-media-text__content\">\n<p>AFUBRA IRATI: \ud83d\udcde(42) 3421-1700<br>\ud83d\udccd Rua Coronel Emilio Gomes, 399, Centro &#8211; Irati &#8211; PR<\/p>\n\n\n\n<p>AFUBRA IMBITUVA: \ud83d\udcde(42) 3436-84003<br>\ud83d\udccd RUA Jacobe Brener, 830 &#8211; Centro, Imbituva &#8211; PR<\/p>\n\n\n\n<p><a href=\"https:\/\/www.lojasafubra.com.br\">https:\/\/www.lojasafubra.com.br<\/a><\/p>\n<\/div><\/div>\n\n\n\n<p>Devido o respons\u00e1vel n\u00e3o possuir autoriza\u00e7\u00e3o ambiental foi autuado, apreendido carv\u00e3o vegetal e lenha nativa oriunda do corte e responder\u00e1 criminalmente pelos danos ambientais.<\/p>\n\n\n\n<p><strong>Resultado:<\/strong><\/p>\n\n\n\n<p>&#8211; Autos de infra\u00e7\u00e3o ambiental no valor total de R$ 97.500,00;<\/p>\n\n\n\n<p>&#8211; 4,94 hectares de \u00e1rea embargada;<\/p>\n\n\n\n<p>&#8211; 100 sacos de carv\u00e3o (1.000 kg);<\/p>\n\n\n\n<p>&#8211;  4,5 metros c\u00fabicos de lenha nativa.<\/p>\n\n\n\n<figure class=\"wp-block-gallery has-nested-images columns-default is-cropped wp-block-gallery-1 is-layout-flex wp-block-gallery-is-layout-flex\">\n<figure class=\"wp-block-image size-large\"><img loading=\"lazy\" decoding=\"async\" width=\"640\" height=\"480\" data-id=\"30785\" src=\"https:\/\/radiostudiow.com.br\/site\/wp-content\/uploads\/2024\/11\/03-1-1.jpeg\" alt=\"\" class=\"wp-image-30785\" srcset=\"https:\/\/radiostudiow.com.br\/site\/wp-content\/uploads\/2024\/11\/03-1-1.jpeg 640w, https:\/\/radiostudiow.com.br\/site\/wp-content\/uploads\/2024\/11\/03-1-1-300x225.jpeg 300w\" sizes=\"auto, (max-width: 640px) 100vw, 640px\" \/><\/figure>\n\n\n\n<figure class=\"wp-block-image size-large\"><img loading=\"lazy\" decoding=\"async\" width=\"640\" height=\"480\" data-id=\"30784\" src=\"https:\/\/radiostudiow.com.br\/site\/wp-content\/uploads\/2024\/11\/03-3-1.jpeg\" alt=\"\" class=\"wp-image-30784\" srcset=\"https:\/\/radiostudiow.com.br\/site\/wp-content\/uploads\/2024\/11\/03-3-1.jpeg 640w, https:\/\/radiostudiow.com.br\/site\/wp-content\/uploads\/2024\/11\/03-3-1-300x225.jpeg 300w\" sizes=\"auto, (max-width: 640px) 100vw, 640px\" \/><\/figure>\n<\/figure>\n","protected":false},"excerpt":{"rendered":"<p>A equipe da Pol\u00edcia Ambiental constataram em uma propriedade na localidade de Tijuco Preto, o dano em vegeta\u00e7\u00e3o nativa mediante corte com motosserra e uso de fogo. Do desmatamento foi totalizado 4,94 hectares, atingindo ainda \u00e1rea de preserva\u00e7\u00e3o permanente e esp\u00e9cies amea\u00e7adas de extin\u00e7\u00e3o como o pinheiro arauc\u00e1ria, a imbuia e o xaxim. Tamb\u00e9m foi [&hellip;]<\/p>\n","protected":false},"author":2,"featured_media":30783,"comment_status":"open","ping_status":"open","sticky":false,"template":"","format":"standard","meta":{"footnotes":""},"categories":[2],"tags":[172],"class_list":["post-30781","post","type-post","status-publish","format-standard","has-post-thumbnail","hentry","category-policial","tag-featured"],"amp_enabled":true,"_links":{"self":[{"href":"https:\/\/radiostudiow.com.br\/site\/wp-json\/wp\/v2\/posts\/30781","targetHints":{"allow":["GET"]}}],"collection":[{"href":"https:\/\/radiostudiow.com.br\/site\/wp-json\/wp\/v2\/posts"}],"about":[{"href":"https:\/\/radiostudiow.com.br\/site\/wp-json\/wp\/v2\/types\/post"}],"author":[{"embeddable":true,"href":"https:\/\/radiostudiow.com.br\/site\/wp-json\/wp\/v2\/users\/2"}],"replies":[{"embeddable":true,"href":"https:\/\/radiostudiow.com.br\/site\/wp-json\/wp\/v2\/comments?post=30781"}],"version-history":[{"count":1,"href":"https:\/\/radiostudiow.com.br\/site\/wp-json\/wp\/v2\/posts\/30781\/revisions"}],"predecessor-version":[{"id":30786,"href":"https:\/\/radiostudiow.com.br\/site\/wp-json\/wp\/v2\/posts\/30781\/revisions\/30786"}],"wp:featuredmedia":[{"embeddable":true,"href":"https:\/\/radiostudiow.com.br\/site\/wp-json\/wp\/v2\/media\/30783"}],"wp:attachment":[{"href":"https:\/\/radiostudiow.com.br\/site\/wp-json\/wp\/v2\/media?parent=30781"}],"wp:term":[{"taxonomy":"category","embeddable":true,"href":"https:\/\/radiostudiow.com.br\/site\/wp-json\/wp\/v2\/categories?post=30781"},{"taxonomy":"post_tag","embeddable":true,"href":"https:\/\/radiostudiow.com.br\/site\/wp-json\/wp\/v2\/tags?post=30781"}],"curies":[{"name":"wp","href":"https:\/\/api.w.org\/{rel}","templated":true}]}}