{"id":30795,"date":"2024-11-26T11:05:09","date_gmt":"2024-11-26T14:05:09","guid":{"rendered":"https:\/\/radiostudiow.com.br\/site\/?p=30795"},"modified":"2025-01-31T14:58:10","modified_gmt":"2025-01-31T17:58:10","slug":"policia-civil-de-teixeira-soares-prende-tres-individuos-suspeitos-por-tentativa-de-homicidio-qualificado","status":"publish","type":"post","link":"https:\/\/radiostudiow.com.br\/site\/2024\/11\/26\/policia-civil-de-teixeira-soares-prende-tres-individuos-suspeitos-por-tentativa-de-homicidio-qualificado\/","title":{"rendered":"Pol\u00edcia Civil de Teixeira Soares prende tr\u00eas indiv\u00edduos suspeitos por tentativa de homic\u00eddio qualificado"},"content":{"rendered":"\n<p>Na tarde da sexta-feira (22\/11\/2024), a Pol\u00edcia Civil de Teixeira Soares realizou a pris\u00e3o de tr\u00eas homens suspeitos de participa\u00e7\u00e3o no crime de tentativa de homic\u00eddio ocorrido no dia 09 do m\u00eas de novembro, nas adjac\u00eancias de um bar, na regi\u00e3o central de Teixeira Soares.<\/p>\n\n\n\n<figure class=\"wp-block-image size-full\"><img loading=\"lazy\" decoding=\"async\" width=\"897\" height=\"204\" src=\"https:\/\/radiostudiow.com.br\/site\/wp-content\/uploads\/2024\/08\/TIJOLAO.png\" alt=\"\" class=\"wp-image-25951\" srcset=\"https:\/\/radiostudiow.com.br\/site\/wp-content\/uploads\/2024\/08\/TIJOLAO.png 897w, https:\/\/radiostudiow.com.br\/site\/wp-content\/uploads\/2024\/08\/TIJOLAO-300x68.png 300w, https:\/\/radiostudiow.com.br\/site\/wp-content\/uploads\/2024\/08\/TIJOLAO-768x175.png 768w\" sizes=\"auto, (max-width: 897px) 100vw, 897px\" \/><\/figure>\n\n\n\n<p>Ap\u00f3s r\u00e1pido e intenso trabalho investigativo da Delegacia de Teixeira Soares, chegou-se at\u00e9 os suspeitos (de 18, 19 e 23 anos) os quais, de acordo com a investiga\u00e7\u00f5es, agrediram brutalmente a v\u00edtima e s\u00f3 n\u00e3o a mataram devido \u00e0 intercorr\u00eancia de terceiros, os quais tamb\u00e9m foram alvos de agress\u00f5es e amea\u00e7as por parte dos criminosos.<\/p>\n\n\n\n<p>O crime ocorreu por volta das 03h da manh\u00e3, na madrugada de um s\u00e1bado, em frente a um bar situado na Rua Jo\u00e3o Ribeiro dos Reis, em Teixeira Soares.<\/p>\n\n\n\n<p>Apurou-se no inqu\u00e9rito policial, que os autores agiram com extrema viol\u00eancia, golpeando a cabe\u00e7a da v\u00edtima j\u00e1 em solo e desacordada. Ap\u00f3s a frustra\u00e7\u00e3o em matar a v\u00edtima, os suspeitos retornaram ao local, munidos de um fac\u00e3o e peda\u00e7os de madeira, com o intuito de investirem contra as testemunhas, sendo impedidos pela chegada da ambul\u00e2ncia do SAMU.<\/p>\n\n\n\n<figure class=\"wp-block-image size-full\"><img loading=\"lazy\" decoding=\"async\" width=\"598\" height=\"204\" src=\"https:\/\/radiostudiow.com.br\/site\/wp-content\/uploads\/2024\/10\/labirati.png\" alt=\"\" class=\"wp-image-28854\" srcset=\"https:\/\/radiostudiow.com.br\/site\/wp-content\/uploads\/2024\/10\/labirati.png 598w, https:\/\/radiostudiow.com.br\/site\/wp-content\/uploads\/2024\/10\/labirati-300x102.png 300w\" sizes=\"auto, (max-width: 598px) 100vw, 598px\" \/><\/figure>\n\n\n\n<p>Ap\u00f3s o fato, as testemunhas do ocorrido passaram a ser v\u00edtimas de amea\u00e7as por parte dos agressores.<br>Tais fatos solidificaram a periculosidade dos suspeitos, que j\u00e1 possuem passagens criminais por delitos violentos contra a vida, al\u00e9m de tr\u00e1fico de drogas.<\/p>\n\n\n\n<p>Diante da descoberta deste grave cen\u00e1rio criminoso, a autoridade policial titular de Teixeira Soares representou pelos pedidos de pris\u00e3o preventivas dos suspeitos, sendo estes prontamente cumpridos nesta data.<\/p>\n\n\n\n<p>Ap\u00f3s a pris\u00e3o, os suspeitos foram interrogados acerca dos fatos e encaminhados ao Pres\u00eddio Hildebrando de Souza, em Ponta Grossa, onde permanecer\u00e3o \u00e0 disposi\u00e7\u00e3o da justi\u00e7a.<\/p>\n\n\n\n<figure class=\"wp-block-video\"><video controls src=\"https:\/\/radiostudiow.com.br\/site\/wp-content\/uploads\/2024\/11\/WhatsApp-Video-2024-11-25-at-11.06.27.mp4\"><\/video><\/figure>\n","protected":false},"excerpt":{"rendered":"<p>Na tarde da sexta-feira (22\/11\/2024), a Pol\u00edcia Civil de Teixeira Soares realizou a pris\u00e3o de tr\u00eas homens suspeitos de participa\u00e7\u00e3o no crime de tentativa de homic\u00eddio ocorrido no dia 09 do m\u00eas de novembro, nas adjac\u00eancias de um bar, na regi\u00e3o central de Teixeira Soares. Ap\u00f3s r\u00e1pido e intenso trabalho investigativo da Delegacia de Teixeira [&hellip;]<\/p>\n","protected":false},"author":2,"featured_media":30797,"comment_status":"open","ping_status":"open","sticky":false,"template":"","format":"standard","meta":{"footnotes":""},"categories":[2],"tags":[172],"class_list":["post-30795","post","type-post","status-publish","format-standard","has-post-thumbnail","hentry","category-policial","tag-featured"],"amp_enabled":true,"_links":{"self":[{"href":"https:\/\/radiostudiow.com.br\/site\/wp-json\/wp\/v2\/posts\/30795","targetHints":{"allow":["GET"]}}],"collection":[{"href":"https:\/\/radiostudiow.com.br\/site\/wp-json\/wp\/v2\/posts"}],"about":[{"href":"https:\/\/radiostudiow.com.br\/site\/wp-json\/wp\/v2\/types\/post"}],"author":[{"embeddable":true,"href":"https:\/\/radiostudiow.com.br\/site\/wp-json\/wp\/v2\/users\/2"}],"replies":[{"embeddable":true,"href":"https:\/\/radiostudiow.com.br\/site\/wp-json\/wp\/v2\/comments?post=30795"}],"version-history":[{"count":1,"href":"https:\/\/radiostudiow.com.br\/site\/wp-json\/wp\/v2\/posts\/30795\/revisions"}],"predecessor-version":[{"id":30798,"href":"https:\/\/radiostudiow.com.br\/site\/wp-json\/wp\/v2\/posts\/30795\/revisions\/30798"}],"wp:featuredmedia":[{"embeddable":true,"href":"https:\/\/radiostudiow.com.br\/site\/wp-json\/wp\/v2\/media\/30797"}],"wp:attachment":[{"href":"https:\/\/radiostudiow.com.br\/site\/wp-json\/wp\/v2\/media?parent=30795"}],"wp:term":[{"taxonomy":"category","embeddable":true,"href":"https:\/\/radiostudiow.com.br\/site\/wp-json\/wp\/v2\/categories?post=30795"},{"taxonomy":"post_tag","embeddable":true,"href":"https:\/\/radiostudiow.com.br\/site\/wp-json\/wp\/v2\/tags?post=30795"}],"curies":[{"name":"wp","href":"https:\/\/api.w.org\/{rel}","templated":true}]}}