{"id":30799,"date":"2024-11-26T11:15:01","date_gmt":"2024-11-26T14:15:01","guid":{"rendered":"https:\/\/radiostudiow.com.br\/site\/?p=30799"},"modified":"2025-01-31T14:58:10","modified_gmt":"2025-01-31T17:58:10","slug":"incendio-em-carreta-interdita-br-476-na-localidade-de-limoeiro-em-paulo-frontin","status":"publish","type":"post","link":"https:\/\/radiostudiow.com.br\/site\/2024\/11\/26\/incendio-em-carreta-interdita-br-476-na-localidade-de-limoeiro-em-paulo-frontin\/","title":{"rendered":"Inc\u00eandio em carreta interdita BR-476 na localidade de Limoeiro em Paulo Frontin"},"content":{"rendered":"\n<p>Aten\u00e7\u00e3o redobrada para quem est\u00e1 circulando na BR-476 na curva do Limoeiro em Paulo Frontin na manh\u00e3 desta ter\u00e7a-feira, 26 de novembro, um acidente seguido de inc\u00eandio est\u00e1 sendo atendido.<\/p>\n\n\n\n<figure class=\"wp-block-image size-full\"><img loading=\"lazy\" decoding=\"async\" width=\"598\" height=\"204\" src=\"https:\/\/radiostudiow.com.br\/site\/wp-content\/uploads\/2024\/10\/labirati.png\" alt=\"\" class=\"wp-image-28854\" srcset=\"https:\/\/radiostudiow.com.br\/site\/wp-content\/uploads\/2024\/10\/labirati.png 598w, https:\/\/radiostudiow.com.br\/site\/wp-content\/uploads\/2024\/10\/labirati-300x102.png 300w\" sizes=\"auto, (max-width: 598px) 100vw, 598px\" \/><\/figure>\n\n\n\n<p>Segundo informa\u00e7\u00f5es, uma sa\u00edda de pista originou o sinistro. O cavalo de uma carreta Volvo est\u00e1 fora da pista, por\u00e9m a parte da carga ficou na via de rolamento dos ve\u00edculos e est\u00e1 em chamas.<\/p>\n\n\n\n<p>Equipes est\u00e3o no local para desobstruir a pista em breve.<\/p>\n\n\n\n<figure class=\"wp-block-video\"><video height=\"850\" style=\"aspect-ratio: 474 \/ 850;\" width=\"474\" controls src=\"https:\/\/radiostudiow.com.br\/site\/wp-content\/uploads\/2024\/11\/WhatsApp-Video-2024-11-26-at-10.31.23.mp4\"><\/video><\/figure>\n\n\n\n<figure class=\"wp-block-gallery has-nested-images columns-default is-cropped wp-block-gallery-1 is-layout-flex wp-block-gallery-is-layout-flex\">\n<figure class=\"wp-block-image size-large\"><img loading=\"lazy\" decoding=\"async\" width=\"768\" height=\"1024\" data-id=\"30801\" src=\"https:\/\/radiostudiow.com.br\/site\/wp-content\/uploads\/2024\/11\/6ad1053c-4f8c-4508-bc6a-7a5325d52634-768x1024.jpeg\" alt=\"\" class=\"wp-image-30801\" srcset=\"https:\/\/radiostudiow.com.br\/site\/wp-content\/uploads\/2024\/11\/6ad1053c-4f8c-4508-bc6a-7a5325d52634-768x1024.jpeg 768w, https:\/\/radiostudiow.com.br\/site\/wp-content\/uploads\/2024\/11\/6ad1053c-4f8c-4508-bc6a-7a5325d52634-225x300.jpeg 225w, https:\/\/radiostudiow.com.br\/site\/wp-content\/uploads\/2024\/11\/6ad1053c-4f8c-4508-bc6a-7a5325d52634-1152x1536.jpeg 1152w, https:\/\/radiostudiow.com.br\/site\/wp-content\/uploads\/2024\/11\/6ad1053c-4f8c-4508-bc6a-7a5325d52634-1536x2048.jpeg 1536w, https:\/\/radiostudiow.com.br\/site\/wp-content\/uploads\/2024\/11\/6ad1053c-4f8c-4508-bc6a-7a5325d52634-scaled.jpeg 1920w\" sizes=\"auto, (max-width: 768px) 100vw, 768px\" \/><\/figure>\n\n\n\n<figure class=\"wp-block-image size-large\"><img loading=\"lazy\" decoding=\"async\" width=\"768\" height=\"1024\" data-id=\"30802\" src=\"https:\/\/radiostudiow.com.br\/site\/wp-content\/uploads\/2024\/11\/7f299a8b-e9a0-4727-94fb-7e2b19c94785-768x1024.jpeg\" alt=\"\" class=\"wp-image-30802\" srcset=\"https:\/\/radiostudiow.com.br\/site\/wp-content\/uploads\/2024\/11\/7f299a8b-e9a0-4727-94fb-7e2b19c94785-768x1024.jpeg 768w, https:\/\/radiostudiow.com.br\/site\/wp-content\/uploads\/2024\/11\/7f299a8b-e9a0-4727-94fb-7e2b19c94785-225x300.jpeg 225w, https:\/\/radiostudiow.com.br\/site\/wp-content\/uploads\/2024\/11\/7f299a8b-e9a0-4727-94fb-7e2b19c94785-1152x1536.jpeg 1152w, https:\/\/radiostudiow.com.br\/site\/wp-content\/uploads\/2024\/11\/7f299a8b-e9a0-4727-94fb-7e2b19c94785-1536x2048.jpeg 1536w, https:\/\/radiostudiow.com.br\/site\/wp-content\/uploads\/2024\/11\/7f299a8b-e9a0-4727-94fb-7e2b19c94785-scaled.jpeg 1920w\" sizes=\"auto, (max-width: 768px) 100vw, 768px\" \/><\/figure>\n<\/figure>\n\n\n\n<p><em>Fotos: Felipe Lessenko<\/em><\/p>\n","protected":false},"excerpt":{"rendered":"<p>Aten\u00e7\u00e3o redobrada para quem est\u00e1 circulando na BR-476 na curva do Limoeiro em Paulo Frontin na manh\u00e3 desta ter\u00e7a-feira, 26 de novembro, um acidente seguido de inc\u00eandio est\u00e1 sendo atendido. Segundo informa\u00e7\u00f5es, uma sa\u00edda de pista originou o sinistro. O cavalo de uma carreta Volvo est\u00e1 fora da pista, por\u00e9m a parte da carga ficou [&hellip;]<\/p>\n","protected":false},"author":2,"featured_media":30800,"comment_status":"open","ping_status":"open","sticky":false,"template":"","format":"standard","meta":{"footnotes":""},"categories":[185],"tags":[172],"class_list":["post-30799","post","type-post","status-publish","format-standard","has-post-thumbnail","hentry","category-regional","tag-featured"],"amp_enabled":true,"_links":{"self":[{"href":"https:\/\/radiostudiow.com.br\/site\/wp-json\/wp\/v2\/posts\/30799","targetHints":{"allow":["GET"]}}],"collection":[{"href":"https:\/\/radiostudiow.com.br\/site\/wp-json\/wp\/v2\/posts"}],"about":[{"href":"https:\/\/radiostudiow.com.br\/site\/wp-json\/wp\/v2\/types\/post"}],"author":[{"embeddable":true,"href":"https:\/\/radiostudiow.com.br\/site\/wp-json\/wp\/v2\/users\/2"}],"replies":[{"embeddable":true,"href":"https:\/\/radiostudiow.com.br\/site\/wp-json\/wp\/v2\/comments?post=30799"}],"version-history":[{"count":1,"href":"https:\/\/radiostudiow.com.br\/site\/wp-json\/wp\/v2\/posts\/30799\/revisions"}],"predecessor-version":[{"id":30804,"href":"https:\/\/radiostudiow.com.br\/site\/wp-json\/wp\/v2\/posts\/30799\/revisions\/30804"}],"wp:featuredmedia":[{"embeddable":true,"href":"https:\/\/radiostudiow.com.br\/site\/wp-json\/wp\/v2\/media\/30800"}],"wp:attachment":[{"href":"https:\/\/radiostudiow.com.br\/site\/wp-json\/wp\/v2\/media?parent=30799"}],"wp:term":[{"taxonomy":"category","embeddable":true,"href":"https:\/\/radiostudiow.com.br\/site\/wp-json\/wp\/v2\/categories?post=30799"},{"taxonomy":"post_tag","embeddable":true,"href":"https:\/\/radiostudiow.com.br\/site\/wp-json\/wp\/v2\/tags?post=30799"}],"curies":[{"name":"wp","href":"https:\/\/api.w.org\/{rel}","templated":true}]}}