{"id":30826,"date":"2024-11-26T20:54:49","date_gmt":"2024-11-26T23:54:49","guid":{"rendered":"https:\/\/radiostudiow.com.br\/site\/?p=30826"},"modified":"2025-01-31T14:58:10","modified_gmt":"2025-01-31T17:58:10","slug":"tres-caminhoes-e-um-carro-se-envolvem-em-acidente-e-interdita-br-476-em-paulo-frontin","status":"publish","type":"post","link":"https:\/\/radiostudiow.com.br\/site\/2024\/11\/26\/tres-caminhoes-e-um-carro-se-envolvem-em-acidente-e-interdita-br-476-em-paulo-frontin\/","title":{"rendered":"Tr\u00eas caminh\u00f5es e um carro se envolvem em acidente e interdita BR-476 em Paulo Frontin"},"content":{"rendered":"\n<p>Na manh\u00e3 desta ter\u00e7a-feira, 26 de novembro, um grave acidente na curva do Limoeiro, em Paulo Frontin, provocou um inc\u00eandio em um caminh\u00e3o carregado de arroz.<\/p>\n\n\n\n<p>Inicialmente, foi divulgado que o caso se tratava de uma sa\u00edda de pista seguida de tombamento, mas a \u00faltima atualiza\u00e7\u00e3o do Corpo de Bombeiros revelou que o acidente envolveu quatro ve\u00edculos: tr\u00eas caminh\u00f5es e um carro.<\/p>\n\n\n\n<div class=\"wp-block-media-text is-stacked-on-mobile\"><figure class=\"wp-block-media-text__media\"><img loading=\"lazy\" decoding=\"async\" width=\"1024\" height=\"1000\" src=\"https:\/\/radiostudiow.com.br\/site\/wp-content\/uploads\/2024\/10\/435967771_895308802606017_9088893450030346994_n-1024x1000.jpg\" alt=\"\" class=\"wp-image-29000 size-full\" srcset=\"https:\/\/radiostudiow.com.br\/site\/wp-content\/uploads\/2024\/10\/435967771_895308802606017_9088893450030346994_n-1024x1000.jpg 1024w, https:\/\/radiostudiow.com.br\/site\/wp-content\/uploads\/2024\/10\/435967771_895308802606017_9088893450030346994_n-300x293.jpg 300w, https:\/\/radiostudiow.com.br\/site\/wp-content\/uploads\/2024\/10\/435967771_895308802606017_9088893450030346994_n-768x750.jpg 768w, https:\/\/radiostudiow.com.br\/site\/wp-content\/uploads\/2024\/10\/435967771_895308802606017_9088893450030346994_n-1536x1500.jpg 1536w, https:\/\/radiostudiow.com.br\/site\/wp-content\/uploads\/2024\/10\/435967771_895308802606017_9088893450030346994_n.jpg 2048w\" sizes=\"auto, (max-width: 1024px) 100vw, 1024px\" \/><\/figure><div class=\"wp-block-media-text__content\">\n<p><\/p>\n<\/div><\/div>\n\n\n\n<p>Entre os envolvidos, um homem de 28 anos sofreu ferimentos leves e recebeu atendimento m\u00e9dico. Os demais ocupantes sa\u00edram ilesos.<\/p>\n\n\n\n<p>Apesar do trabalho cont\u00ednuo do Corpo de Bombeiros, a carga de arroz ainda apresenta focos de inc\u00eandio na tarde desta ter\u00e7a-feira (26).<\/p>\n\n\n\n<p>O tr\u00e2nsito na regi\u00e3o, no entanto, n\u00e3o est\u00e1 completamente interditado.&nbsp;A via foi liberada para a passagem de ve\u00edculos, que est\u00e3o utilizando a terceira faixa para trafegar com seguran\u00e7a.<\/p>\n\n\n\n<figure class=\"wp-block-image size-full\"><img loading=\"lazy\" decoding=\"async\" width=\"851\" height=\"315\" src=\"https:\/\/radiostudiow.com.br\/site\/wp-content\/uploads\/2024\/11\/image-102.png\" alt=\"\" class=\"wp-image-30741\" srcset=\"https:\/\/radiostudiow.com.br\/site\/wp-content\/uploads\/2024\/11\/image-102.png 851w, https:\/\/radiostudiow.com.br\/site\/wp-content\/uploads\/2024\/11\/image-102-300x111.png 300w, https:\/\/radiostudiow.com.br\/site\/wp-content\/uploads\/2024\/11\/image-102-768x284.png 768w\" sizes=\"auto, (max-width: 851px) 100vw, 851px\" \/><\/figure>\n\n\n\n<figure class=\"wp-block-video\"><video controls src=\"https:\/\/radiostudiow.com.br\/site\/wp-content\/uploads\/2024\/11\/WhatsApp-Video-2024-11-26-at-10.31.23-1.mp4\"><\/video><\/figure>\n\n\n\n<figure class=\"wp-block-embed is-type-wp-embed is-provider-studio-w wp-block-embed-studio-w\"><div class=\"wp-block-embed__wrapper\">\n<blockquote class=\"wp-embedded-content\" data-secret=\"inEsPvMW9D\"><a href=\"https:\/\/radiostudiow.com.br\/site\/2024\/11\/26\/incendio-em-carreta-interdita-br-476-na-localidade-de-limoeiro-em-paulo-frontin\/\">Inc\u00eandio em carreta interdita BR-476 na localidade de Limoeiro em Paulo Frontin<\/a><\/blockquote><iframe loading=\"lazy\" class=\"wp-embedded-content\" sandbox=\"allow-scripts\" security=\"restricted\" style=\"position: absolute; visibility: hidden;\" title=\"&#8220;Inc\u00eandio em carreta interdita BR-476 na localidade de Limoeiro em Paulo Frontin&#8221; &#8212; Studio W\" src=\"https:\/\/radiostudiow.com.br\/site\/2024\/11\/26\/incendio-em-carreta-interdita-br-476-na-localidade-de-limoeiro-em-paulo-frontin\/embed\/#?secret=76ThUUVNFJ#?secret=inEsPvMW9D\" data-secret=\"inEsPvMW9D\" width=\"600\" height=\"338\" frameborder=\"0\" marginwidth=\"0\" marginheight=\"0\" scrolling=\"no\"><\/iframe>\n<\/div><\/figure>\n","protected":false},"excerpt":{"rendered":"<p>Na manh\u00e3 desta ter\u00e7a-feira, 26 de novembro, um grave acidente na curva do Limoeiro, em Paulo Frontin, provocou um inc\u00eandio em um caminh\u00e3o carregado de arroz. Inicialmente, foi divulgado que o caso se tratava de uma sa\u00edda de pista seguida de tombamento, mas a \u00faltima atualiza\u00e7\u00e3o do Corpo de Bombeiros revelou que o acidente envolveu [&hellip;]<\/p>\n","protected":false},"author":2,"featured_media":30828,"comment_status":"open","ping_status":"open","sticky":false,"template":"","format":"standard","meta":{"footnotes":""},"categories":[185],"tags":[172],"class_list":["post-30826","post","type-post","status-publish","format-standard","has-post-thumbnail","hentry","category-regional","tag-featured"],"amp_enabled":true,"_links":{"self":[{"href":"https:\/\/radiostudiow.com.br\/site\/wp-json\/wp\/v2\/posts\/30826","targetHints":{"allow":["GET"]}}],"collection":[{"href":"https:\/\/radiostudiow.com.br\/site\/wp-json\/wp\/v2\/posts"}],"about":[{"href":"https:\/\/radiostudiow.com.br\/site\/wp-json\/wp\/v2\/types\/post"}],"author":[{"embeddable":true,"href":"https:\/\/radiostudiow.com.br\/site\/wp-json\/wp\/v2\/users\/2"}],"replies":[{"embeddable":true,"href":"https:\/\/radiostudiow.com.br\/site\/wp-json\/wp\/v2\/comments?post=30826"}],"version-history":[{"count":1,"href":"https:\/\/radiostudiow.com.br\/site\/wp-json\/wp\/v2\/posts\/30826\/revisions"}],"predecessor-version":[{"id":30829,"href":"https:\/\/radiostudiow.com.br\/site\/wp-json\/wp\/v2\/posts\/30826\/revisions\/30829"}],"wp:featuredmedia":[{"embeddable":true,"href":"https:\/\/radiostudiow.com.br\/site\/wp-json\/wp\/v2\/media\/30828"}],"wp:attachment":[{"href":"https:\/\/radiostudiow.com.br\/site\/wp-json\/wp\/v2\/media?parent=30826"}],"wp:term":[{"taxonomy":"category","embeddable":true,"href":"https:\/\/radiostudiow.com.br\/site\/wp-json\/wp\/v2\/categories?post=30826"},{"taxonomy":"post_tag","embeddable":true,"href":"https:\/\/radiostudiow.com.br\/site\/wp-json\/wp\/v2\/tags?post=30826"}],"curies":[{"name":"wp","href":"https:\/\/api.w.org\/{rel}","templated":true}]}}