{"id":30834,"date":"2024-11-26T21:00:12","date_gmt":"2024-11-27T00:00:12","guid":{"rendered":"https:\/\/radiostudiow.com.br\/site\/?p=30834"},"modified":"2025-01-31T14:58:10","modified_gmt":"2025-01-31T17:58:10","slug":"homem-e-assassinado-no-interior-de-cruz-machado","status":"publish","type":"post","link":"https:\/\/radiostudiow.com.br\/site\/2024\/11\/26\/homem-e-assassinado-no-interior-de-cruz-machado\/","title":{"rendered":"Homem \u00e9 assassinado no interior de Cruz Machado"},"content":{"rendered":"\n<p>A equipe da Pol\u00edcia Militar foi acionada na tarde desta ter\u00e7a-feira,26, ap\u00f3s algumas pessoas encontrarem o corpo de um homem sem vida, com sinais de viol\u00eancia no interior de Cruz Machado na regi\u00e3o do Santana.<\/p>\n\n\n\n<p>A morte violenta ser\u00e1 investigada pela pol\u00edcia, o corpo apresentava v\u00e1rias marcas e sinais de espancamento.<\/p>\n\n\n\n<p>O Instituto M\u00e9dico Legal foi acionado para recolhimento do corpo. At\u00e9 o momento a identidade do homem n\u00e3o foi divulgada.<\/p>\n\n\n\n<figure class=\"wp-block-image size-large is-resized\"><img decoding=\"async\" src=\"https:\/\/radiostudiow.com.br\/site\/wp-content\/uploads\/2024\/11\/LABIRAT5I-1024x1024.png\" alt=\"\" class=\"wp-image-30183\" style=\"width:476px;height:auto\"\/><\/figure>\n\n\n\n<p><strong><em>Fonte\/Foto: V.Vale<\/em><\/strong><\/p>\n","protected":false},"excerpt":{"rendered":"<p>A equipe da Pol\u00edcia Militar foi acionada na tarde desta ter\u00e7a-feira,26, ap\u00f3s algumas pessoas encontrarem o corpo de um homem sem vida, com sinais de viol\u00eancia no interior de Cruz Machado na regi\u00e3o do Santana. A morte violenta ser\u00e1 investigada pela pol\u00edcia, o corpo apresentava v\u00e1rias marcas e sinais de espancamento. O Instituto M\u00e9dico Legal [&hellip;]<\/p>\n","protected":false},"author":2,"featured_media":30835,"comment_status":"open","ping_status":"open","sticky":false,"template":"","format":"standard","meta":{"footnotes":""},"categories":[2],"tags":[172],"class_list":["post-30834","post","type-post","status-publish","format-standard","has-post-thumbnail","hentry","category-policial","tag-featured"],"amp_enabled":true,"_links":{"self":[{"href":"https:\/\/radiostudiow.com.br\/site\/wp-json\/wp\/v2\/posts\/30834","targetHints":{"allow":["GET"]}}],"collection":[{"href":"https:\/\/radiostudiow.com.br\/site\/wp-json\/wp\/v2\/posts"}],"about":[{"href":"https:\/\/radiostudiow.com.br\/site\/wp-json\/wp\/v2\/types\/post"}],"author":[{"embeddable":true,"href":"https:\/\/radiostudiow.com.br\/site\/wp-json\/wp\/v2\/users\/2"}],"replies":[{"embeddable":true,"href":"https:\/\/radiostudiow.com.br\/site\/wp-json\/wp\/v2\/comments?post=30834"}],"version-history":[{"count":2,"href":"https:\/\/radiostudiow.com.br\/site\/wp-json\/wp\/v2\/posts\/30834\/revisions"}],"predecessor-version":[{"id":30841,"href":"https:\/\/radiostudiow.com.br\/site\/wp-json\/wp\/v2\/posts\/30834\/revisions\/30841"}],"wp:featuredmedia":[{"embeddable":true,"href":"https:\/\/radiostudiow.com.br\/site\/wp-json\/wp\/v2\/media\/30835"}],"wp:attachment":[{"href":"https:\/\/radiostudiow.com.br\/site\/wp-json\/wp\/v2\/media?parent=30834"}],"wp:term":[{"taxonomy":"category","embeddable":true,"href":"https:\/\/radiostudiow.com.br\/site\/wp-json\/wp\/v2\/categories?post=30834"},{"taxonomy":"post_tag","embeddable":true,"href":"https:\/\/radiostudiow.com.br\/site\/wp-json\/wp\/v2\/tags?post=30834"}],"curies":[{"name":"wp","href":"https:\/\/api.w.org\/{rel}","templated":true}]}}