{"id":30847,"date":"2024-11-27T16:34:42","date_gmt":"2024-11-27T19:34:42","guid":{"rendered":"https:\/\/radiostudiow.com.br\/site\/?p=30847"},"modified":"2025-01-31T14:58:10","modified_gmt":"2025-01-31T17:58:10","slug":"idoso-fica-gravemente-ferido-depois-de-receber-golpes-do-proprio-filho","status":"publish","type":"post","link":"https:\/\/radiostudiow.com.br\/site\/2024\/11\/27\/idoso-fica-gravemente-ferido-depois-de-receber-golpes-do-proprio-filho\/","title":{"rendered":"Idoso fica gravemente ferido depois de receber golpes do pr\u00f3prio filho"},"content":{"rendered":"\n<p>No bairro S\u00e3o Gabriel na tarde desta ter\u00e7a-feira, 26 de novembro, a PM foi acionada ap\u00f3s o Corpo de Bombeiros atender uma situa\u00e7\u00e3o de les\u00e3o corporal por arma branca.<\/p>\n\n\n\n<figure class=\"wp-block-image size-full\"><img loading=\"lazy\" decoding=\"async\" width=\"300\" height=\"180\" src=\"https:\/\/radiostudiow.com.br\/site\/wp-content\/uploads\/2024\/04\/image-26.png\" alt=\"\" class=\"wp-image-21279\"\/><\/figure>\n\n\n\n<p>A v\u00edtima de 63 anos relatou que o autor dos golpes foi o pr\u00f3prio filho. O pai n\u00e3o soube informar a equipe o motivo do ataque.&nbsp;<\/p>\n\n\n\n<p>O idoso que teve ferimentos graves foi encaminhado ao hospital pelos bombeiros.<\/p>\n\n\n\n<p>A PM em buscas pelo autor conseguiu localizar o mesmo que foi preso e encaminhado at\u00e9 a 4\u00aa SDP.<\/p>\n","protected":false},"excerpt":{"rendered":"<p>No bairro S\u00e3o Gabriel na tarde desta ter\u00e7a-feira, 26 de novembro, a PM foi acionada ap\u00f3s o Corpo de Bombeiros atender uma situa\u00e7\u00e3o de les\u00e3o corporal por arma branca. A v\u00edtima de 63 anos relatou que o autor dos golpes foi o pr\u00f3prio filho. O pai n\u00e3o soube informar a equipe o motivo do ataque.&nbsp; [&hellip;]<\/p>\n","protected":false},"author":2,"featured_media":23266,"comment_status":"open","ping_status":"open","sticky":false,"template":"","format":"standard","meta":{"footnotes":""},"categories":[2],"tags":[172],"class_list":["post-30847","post","type-post","status-publish","format-standard","has-post-thumbnail","hentry","category-policial","tag-featured"],"amp_enabled":true,"_links":{"self":[{"href":"https:\/\/radiostudiow.com.br\/site\/wp-json\/wp\/v2\/posts\/30847","targetHints":{"allow":["GET"]}}],"collection":[{"href":"https:\/\/radiostudiow.com.br\/site\/wp-json\/wp\/v2\/posts"}],"about":[{"href":"https:\/\/radiostudiow.com.br\/site\/wp-json\/wp\/v2\/types\/post"}],"author":[{"embeddable":true,"href":"https:\/\/radiostudiow.com.br\/site\/wp-json\/wp\/v2\/users\/2"}],"replies":[{"embeddable":true,"href":"https:\/\/radiostudiow.com.br\/site\/wp-json\/wp\/v2\/comments?post=30847"}],"version-history":[{"count":3,"href":"https:\/\/radiostudiow.com.br\/site\/wp-json\/wp\/v2\/posts\/30847\/revisions"}],"predecessor-version":[{"id":30871,"href":"https:\/\/radiostudiow.com.br\/site\/wp-json\/wp\/v2\/posts\/30847\/revisions\/30871"}],"wp:featuredmedia":[{"embeddable":true,"href":"https:\/\/radiostudiow.com.br\/site\/wp-json\/wp\/v2\/media\/23266"}],"wp:attachment":[{"href":"https:\/\/radiostudiow.com.br\/site\/wp-json\/wp\/v2\/media?parent=30847"}],"wp:term":[{"taxonomy":"category","embeddable":true,"href":"https:\/\/radiostudiow.com.br\/site\/wp-json\/wp\/v2\/categories?post=30847"},{"taxonomy":"post_tag","embeddable":true,"href":"https:\/\/radiostudiow.com.br\/site\/wp-json\/wp\/v2\/tags?post=30847"}],"curies":[{"name":"wp","href":"https:\/\/api.w.org\/{rel}","templated":true}]}}