{"id":30855,"date":"2024-11-27T11:14:46","date_gmt":"2024-11-27T14:14:46","guid":{"rendered":"https:\/\/radiostudiow.com.br\/site\/?p=30855"},"modified":"2025-01-31T14:58:10","modified_gmt":"2025-01-31T17:58:10","slug":"homem-que-foi-assassinado-em-cruz-machado-foi-identificado","status":"publish","type":"post","link":"https:\/\/radiostudiow.com.br\/site\/2024\/11\/27\/homem-que-foi-assassinado-em-cruz-machado-foi-identificado\/","title":{"rendered":"Identificado o homem que foi assassinado a pauladas em Cruz Machado"},"content":{"rendered":"\n<p>Foi identificado como Erenilson Procopio o homem morto a na tarde desta ter\u00e7a-feira (26), a pauladas no interior de Cruz Machado, na localidade do Rio do Banho.<\/p>\n\n\n\n<p>A equipe policial foi acionada por volta das 13h para averiguar uma situa\u00e7\u00e3o de um homem que estaria em \u00f3bito, em frente \u00e0 capela centen\u00e1ria do Rio do Banho.<\/p>\n\n\n\n<figure class=\"wp-block-image size-full\"><img loading=\"lazy\" decoding=\"async\" width=\"598\" height=\"204\" src=\"https:\/\/radiostudiow.com.br\/site\/wp-content\/uploads\/2024\/10\/labirati.png\" alt=\"\" class=\"wp-image-28854\" srcset=\"https:\/\/radiostudiow.com.br\/site\/wp-content\/uploads\/2024\/10\/labirati.png 598w, https:\/\/radiostudiow.com.br\/site\/wp-content\/uploads\/2024\/10\/labirati-300x102.png 300w\" sizes=\"auto, (max-width: 598px) 100vw, 598px\" \/><\/figure>\n\n\n\n<p>No local, foi poss\u00edvel visualizar o corpo ca\u00eddo ao ch\u00e3o. Foi realizado isolamento do local e acionado da pol\u00edcia civil e o Instituto M\u00e9dico Legal para recolhimento do corpo.<\/p>\n\n\n\n<p>A Pol\u00edcia Militar n\u00e3o divulgou informa\u00e7\u00f5es sobre o suspeito de ter cometido o crime.<\/p>\n\n\n\n<figure class=\"wp-block-embed is-type-wp-embed is-provider-studio-w wp-block-embed-studio-w\"><div class=\"wp-block-embed__wrapper\">\n<blockquote class=\"wp-embedded-content\" data-secret=\"DjgRUDzG25\"><a href=\"https:\/\/radiostudiow.com.br\/site\/2024\/11\/26\/homem-e-assassinado-no-interior-de-cruz-machado\/\">Homem \u00e9 assassinado no interior de Cruz Machado<\/a><\/blockquote><iframe loading=\"lazy\" class=\"wp-embedded-content\" sandbox=\"allow-scripts\" security=\"restricted\" style=\"position: absolute; visibility: hidden;\" title=\"&#8220;Homem \u00e9 assassinado no interior de Cruz Machado&#8221; &#8212; Studio W\" src=\"https:\/\/radiostudiow.com.br\/site\/2024\/11\/26\/homem-e-assassinado-no-interior-de-cruz-machado\/embed\/#?secret=fHnkLphqDh#?secret=DjgRUDzG25\" data-secret=\"DjgRUDzG25\" width=\"600\" height=\"338\" frameborder=\"0\" marginwidth=\"0\" marginheight=\"0\" scrolling=\"no\"><\/iframe>\n<\/div><\/figure>\n\n\n\n<p><em>Reportagem: Portal Cidade&nbsp;\u2013 27\u00baBPM<\/em><\/p>\n","protected":false},"excerpt":{"rendered":"<p>Foi identificado como Erenilson Procopio o homem morto a na tarde desta ter\u00e7a-feira (26), a pauladas no interior de Cruz Machado, na localidade do Rio do Banho. A equipe policial foi acionada por volta das 13h para averiguar uma situa\u00e7\u00e3o de um homem que estaria em \u00f3bito, em frente \u00e0 capela centen\u00e1ria do Rio do [&hellip;]<\/p>\n","protected":false},"author":2,"featured_media":30856,"comment_status":"open","ping_status":"open","sticky":false,"template":"","format":"standard","meta":{"footnotes":""},"categories":[2],"tags":[172],"class_list":["post-30855","post","type-post","status-publish","format-standard","has-post-thumbnail","hentry","category-policial","tag-featured"],"amp_enabled":true,"_links":{"self":[{"href":"https:\/\/radiostudiow.com.br\/site\/wp-json\/wp\/v2\/posts\/30855","targetHints":{"allow":["GET"]}}],"collection":[{"href":"https:\/\/radiostudiow.com.br\/site\/wp-json\/wp\/v2\/posts"}],"about":[{"href":"https:\/\/radiostudiow.com.br\/site\/wp-json\/wp\/v2\/types\/post"}],"author":[{"embeddable":true,"href":"https:\/\/radiostudiow.com.br\/site\/wp-json\/wp\/v2\/users\/2"}],"replies":[{"embeddable":true,"href":"https:\/\/radiostudiow.com.br\/site\/wp-json\/wp\/v2\/comments?post=30855"}],"version-history":[{"count":2,"href":"https:\/\/radiostudiow.com.br\/site\/wp-json\/wp\/v2\/posts\/30855\/revisions"}],"predecessor-version":[{"id":30908,"href":"https:\/\/radiostudiow.com.br\/site\/wp-json\/wp\/v2\/posts\/30855\/revisions\/30908"}],"wp:featuredmedia":[{"embeddable":true,"href":"https:\/\/radiostudiow.com.br\/site\/wp-json\/wp\/v2\/media\/30856"}],"wp:attachment":[{"href":"https:\/\/radiostudiow.com.br\/site\/wp-json\/wp\/v2\/media?parent=30855"}],"wp:term":[{"taxonomy":"category","embeddable":true,"href":"https:\/\/radiostudiow.com.br\/site\/wp-json\/wp\/v2\/categories?post=30855"},{"taxonomy":"post_tag","embeddable":true,"href":"https:\/\/radiostudiow.com.br\/site\/wp-json\/wp\/v2\/tags?post=30855"}],"curies":[{"name":"wp","href":"https:\/\/api.w.org\/{rel}","templated":true}]}}