{"id":30858,"date":"2024-11-27T11:16:48","date_gmt":"2024-11-27T14:16:48","guid":{"rendered":"https:\/\/radiostudiow.com.br\/site\/?p=30858"},"modified":"2025-01-31T14:58:10","modified_gmt":"2025-01-31T17:58:10","slug":"delegacia-da-mulher-prende-homem-acusado-de-estupro-de-vulneravel","status":"publish","type":"post","link":"https:\/\/radiostudiow.com.br\/site\/2024\/11\/27\/delegacia-da-mulher-prende-homem-acusado-de-estupro-de-vulneravel\/","title":{"rendered":"Delegacia da Mulher de Uni\u00e3o da Vit\u00f3ria prende homem acusado de estupro de vulner\u00e1vel"},"content":{"rendered":"\n<p>A Pol\u00edcia Civil de Uni\u00e3o da Vit\u00f3ria, por meio da Delegacia da Mulher, prendeu na tarde desta ter\u00e7a-feira, 26, um homem de 57 anos acusado de abusar sexualmente de uma crian\u00e7a de apenas 3 anos.<\/p>\n\n\n\n<p>A pris\u00e3o aconteceu em Bituruna, em cumprimento a um mandado de pris\u00e3o preventiva, um dia ap\u00f3s o fato ser comunicado \u00e0 pol\u00edcia por familiares da v\u00edtima.<\/p>\n\n\n\n<figure class=\"wp-block-image size-full\"><img loading=\"lazy\" decoding=\"async\" width=\"900\" height=\"408\" src=\"https:\/\/radiostudiow.com.br\/site\/wp-content\/uploads\/2024\/09\/image-64-1.png\" alt=\"\" class=\"wp-image-28207\" srcset=\"https:\/\/radiostudiow.com.br\/site\/wp-content\/uploads\/2024\/09\/image-64-1.png 900w, https:\/\/radiostudiow.com.br\/site\/wp-content\/uploads\/2024\/09\/image-64-1-300x136.png 300w, https:\/\/radiostudiow.com.br\/site\/wp-content\/uploads\/2024\/09\/image-64-1-768x348.png 768w\" sizes=\"auto, (max-width: 900px) 100vw, 900px\" \/><\/figure>\n\n\n\n<p>O caso foi registrado no \u00faltimo dia 25 de novembro de 2024, quando a v\u00edtima, foi identificada como alvo de m\u00faltiplos abusos cometidos pelo acusado.<\/p>\n\n\n\n<p>A Delegacia da Mulher de Uni\u00e3o da Vit\u00f3ria iniciou as investiga\u00e7\u00f5es de forma c\u00e9lere e, em menos de 24 horas, conseguiu localizar e prender o homem em cumprimento a mandado de pris\u00e3o preventiva expedido pela 2\u00aa Vara Criminal da Comarca.<\/p>\n\n\n\n<p>A pris\u00e3o ocorre em meio a Opera\u00e7\u00e3o Hagnos, uma a\u00e7\u00e3o de intensifica\u00e7\u00e3o no combate a crimes de abuso e explora\u00e7\u00e3o sexual contra crian\u00e7as e adolescentes. A opera\u00e7\u00e3o, que est\u00e1 em andamento em todo o estado, visa identificar e prender agressores, garantindo a prote\u00e7\u00e3o de crian\u00e7as e adolescentes que possam estar em situa\u00e7\u00e3o de risco.<\/p>\n\n\n\n<p>O delegado Thiers Andregotti, respons\u00e1vel pela investiga\u00e7\u00e3o, destacou a gravidade do crime e a r\u00e1pida resposta da pol\u00edcia.<\/p>\n\n\n\n<figure class=\"wp-block-image size-large\"><img decoding=\"async\" src=\"https:\/\/radiostudiow.com.br\/site\/wp-content\/uploads\/2024\/10\/zm_0002_24AG_anuncio_261x83mm-1024x359.png\" alt=\"\" class=\"wp-image-28224\"\/><\/figure>\n\n\n\n<p><strong><em>\u201cO abuso contra crian\u00e7as \u00e9 uma das formas mais cru\u00e9is de viol\u00eancia, e nossa equipe agiu prontamente para garantir que o acusado fosse retirado de circula\u00e7\u00e3o. A opera\u00e7\u00e3o Hagnos tem sido fundamental para proteger as v\u00edtimas e assegurar que os criminosos sejam levados \u00e0 justi\u00e7a\u201d,<\/em>\u00a0disse.<\/strong><\/p>\n\n\n\n<p>O investigado foi encaminhado para o sistema penitenci\u00e1rio, onde ficar\u00e1 \u00e0 disposi\u00e7\u00e3o da Justi\u00e7a. A Pol\u00edcia Civil de Uni\u00e3o da Vit\u00f3ria continua com as investiga\u00e7\u00f5es, refor\u00e7ando o compromisso de combater os abusos sexuais e garantir a seguran\u00e7a das crian\u00e7as e adolescentes da regi\u00e3o.<\/p>\n\n\n\n<p><\/p>\n","protected":false},"excerpt":{"rendered":"<p>A Pol\u00edcia Civil de Uni\u00e3o da Vit\u00f3ria, por meio da Delegacia da Mulher, prendeu na tarde desta ter\u00e7a-feira, 26, um homem de 57 anos acusado de abusar sexualmente de uma crian\u00e7a de apenas 3 anos. A pris\u00e3o aconteceu em Bituruna, em cumprimento a um mandado de pris\u00e3o preventiva, um dia ap\u00f3s o fato ser comunicado [&hellip;]<\/p>\n","protected":false},"author":2,"featured_media":30859,"comment_status":"open","ping_status":"open","sticky":false,"template":"","format":"standard","meta":{"footnotes":""},"categories":[7],"tags":[172],"class_list":["post-30858","post","type-post","status-publish","format-standard","has-post-thumbnail","hentry","category-geral","tag-featured"],"amp_enabled":true,"_links":{"self":[{"href":"https:\/\/radiostudiow.com.br\/site\/wp-json\/wp\/v2\/posts\/30858","targetHints":{"allow":["GET"]}}],"collection":[{"href":"https:\/\/radiostudiow.com.br\/site\/wp-json\/wp\/v2\/posts"}],"about":[{"href":"https:\/\/radiostudiow.com.br\/site\/wp-json\/wp\/v2\/types\/post"}],"author":[{"embeddable":true,"href":"https:\/\/radiostudiow.com.br\/site\/wp-json\/wp\/v2\/users\/2"}],"replies":[{"embeddable":true,"href":"https:\/\/radiostudiow.com.br\/site\/wp-json\/wp\/v2\/comments?post=30858"}],"version-history":[{"count":2,"href":"https:\/\/radiostudiow.com.br\/site\/wp-json\/wp\/v2\/posts\/30858\/revisions"}],"predecessor-version":[{"id":30861,"href":"https:\/\/radiostudiow.com.br\/site\/wp-json\/wp\/v2\/posts\/30858\/revisions\/30861"}],"wp:featuredmedia":[{"embeddable":true,"href":"https:\/\/radiostudiow.com.br\/site\/wp-json\/wp\/v2\/media\/30859"}],"wp:attachment":[{"href":"https:\/\/radiostudiow.com.br\/site\/wp-json\/wp\/v2\/media?parent=30858"}],"wp:term":[{"taxonomy":"category","embeddable":true,"href":"https:\/\/radiostudiow.com.br\/site\/wp-json\/wp\/v2\/categories?post=30858"},{"taxonomy":"post_tag","embeddable":true,"href":"https:\/\/radiostudiow.com.br\/site\/wp-json\/wp\/v2\/tags?post=30858"}],"curies":[{"name":"wp","href":"https:\/\/api.w.org\/{rel}","templated":true}]}}