{"id":30862,"date":"2024-11-27T11:21:33","date_gmt":"2024-11-27T14:21:33","guid":{"rendered":"https:\/\/radiostudiow.com.br\/site\/?p=30862"},"modified":"2025-01-31T14:58:10","modified_gmt":"2025-01-31T17:58:10","slug":"mais-de-r-5-milhoes-do-nota-parana-ja-foram-transferidos-para-o-ipva-prazo-vai-ate-dia-30","status":"publish","type":"post","link":"https:\/\/radiostudiow.com.br\/site\/2024\/11\/27\/mais-de-r-5-milhoes-do-nota-parana-ja-foram-transferidos-para-o-ipva-prazo-vai-ate-dia-30\/","title":{"rendered":"Mais de R$ 5 milh\u00f5es do Nota Paran\u00e1 j\u00e1 foram transferidos para o IPVA; prazo vai at\u00e9 dia 30"},"content":{"rendered":"\n<p>Mais de R$ 5 milh\u00f5es em cr\u00e9ditos do Nota Paran\u00e1 foram transferidos para o pagamento do Imposto sobre a Propriedade de Ve\u00edculos Automotores (IPVA) 2025 at\u00e9 esta segunda-feira (25). O prazo para fazer a transfer\u00eancia dos valores em 2024 encerra em 30 de novembro. A Secretaria de Estado da Fazenda refor\u00e7a o alerta sobre o prazo, j\u00e1 que o montante transferido at\u00e9 agora para esse fim \u00e9 menor que no ano passado, que foi de R$ 6,9 milh\u00f5es para desconto do imposto, ou seja, uma redu\u00e7\u00e3o de cerca de 28%.<\/p>\n\n\n\n<figure class=\"wp-block-image size-full\"><img loading=\"lazy\" decoding=\"async\" width=\"897\" height=\"204\" src=\"https:\/\/radiostudiow.com.br\/site\/wp-content\/uploads\/2024\/08\/TIJOLAO.png\" alt=\"\" class=\"wp-image-25951\" srcset=\"https:\/\/radiostudiow.com.br\/site\/wp-content\/uploads\/2024\/08\/TIJOLAO.png 897w, https:\/\/radiostudiow.com.br\/site\/wp-content\/uploads\/2024\/08\/TIJOLAO-300x68.png 300w, https:\/\/radiostudiow.com.br\/site\/wp-content\/uploads\/2024\/08\/TIJOLAO-768x175.png 768w\" sizes=\"auto, (max-width: 897px) 100vw, 897px\" \/><\/figure>\n\n\n\n<p>A utiliza\u00e7\u00e3o dos cr\u00e9ditos como desconto no IPVA \u00e9 uma das v\u00e1rias formas de utilizar os valores devolvidos e sorteados mensalmente pelo Nota Paran\u00e1. Contudo, como destaca a coordenadora do programa, Marta Gambini, os consumidores precisam ficar atentos ao prazo para n\u00e3o perder o benef\u00edcio. <em><strong>\u201cNeste ano, o prazo para fazer a transfer\u00eancia acaba em um s\u00e1bado, ent\u00e3o o ideal \u00e9 n\u00e3o deixar o pedido para \u00faltima hora, j\u00e1 que n\u00e3o h\u00e1 como fazer a solicita\u00e7\u00e3o depois do dia 30\u201d, explica.<\/strong><\/em> Desde 2016, foram usados mais de R$ 82,5 milh\u00f5es para abater o tributo.<\/p>\n\n\n\n<p>At\u00e9 o momento, segundo a Receita Estadual, 71.089 ve\u00edculos j\u00e1 utilizaram valores do Nota Paran\u00e1 no IPVA 2025. A solicita\u00e7\u00e3o pode ser feita tanto pelo site oficial do programa quanto pelo app dispon\u00edvel para celulares. Marta refor\u00e7a que n\u00e3o h\u00e1 um valor m\u00ednimo para fazer essa transfer\u00eancia.<strong><em> \u201cOs consumidores cadastrados podem usar qualquer valor em suas contas para conseguir esse desconto, sem um m\u00ednimo\u201d, explica. \u201cA \u00fanica restri\u00e7\u00e3o \u00e9 que n\u00e3o \u00e9 poss\u00edvel pagar o imposto de terceiros, somente o de ve\u00edculos atrelados ao seu nome\u201d.<\/em><\/strong><\/p>\n\n\n\n<p>Os valores dispon\u00edveis para transfer\u00eancia podem ser tanto aqueles obtidos nos sorteios mensais do programa quanto devolvidos do Imposto sobre Circula\u00e7\u00e3o de Mercadorias e Servi\u00e7os (ICMS). <strong><em>\u201cComo esses cr\u00e9ditos t\u00eam validade de um ano na conta do Nota Paran\u00e1, utiliz\u00e1-los para o pagamento do IPVA \u00e9 uma \u00f3tima forma de aproveit\u00e1-los\u201d, sugere a coordenadora.<\/em><\/strong><\/p>\n\n\n\n<figure class=\"wp-block-image size-full\"><img loading=\"lazy\" decoding=\"async\" width=\"851\" height=\"315\" src=\"https:\/\/radiostudiow.com.br\/site\/wp-content\/uploads\/2024\/11\/image-102.png\" alt=\"\" class=\"wp-image-30741\" srcset=\"https:\/\/radiostudiow.com.br\/site\/wp-content\/uploads\/2024\/11\/image-102.png 851w, https:\/\/radiostudiow.com.br\/site\/wp-content\/uploads\/2024\/11\/image-102-300x111.png 300w, https:\/\/radiostudiow.com.br\/site\/wp-content\/uploads\/2024\/11\/image-102-768x284.png 768w\" sizes=\"auto, (max-width: 851px) 100vw, 851px\" \/><\/figure>\n\n\n\n<p><strong>COMO UTILIZAR&nbsp;<\/strong><\/p>\n\n\n\n<p>Para transferir, \u00e9 preciso acessar o&nbsp;<strong><a href=\"https:\/\/www.notaparana.pr.gov.br\/\" target=\"_blank\" rel=\"noreferrer noopener\">site do Nota Paran\u00e1<\/a><\/strong>, fazer o login com CPF e senha, clicar na aba \u201cMinha Conta Corrente\u201d e selecionar \u201cTransferir cr\u00e9dito para pagamento de IPVA\u201d.<\/p>\n\n\n\n<p>A op\u00e7\u00e3o de transfer\u00eancia para este fim fica dispon\u00edvel apenas durante o m\u00eas de novembro. Por ser integrado com o sistema do Detran\/PR, n\u00e3o \u00e9 necess\u00e1rio preencher dados de n\u00famero de placa ou Renavam. Por isso, s\u00f3 \u00e9 poss\u00edvel fazer a transfer\u00eancia para ve\u00edculos e propriedade do contribuinte.<\/p>\n\n\n\n<p>Caso o ve\u00edculo n\u00e3o esteja listado no aplicativo ou no site do Nota Paran\u00e1, entre em contato pelo WhatsApp (44) 99831-9499.<\/p>\n\n\n\n<p><strong>NOTA PARAN\u00c1<\/strong>&nbsp;<\/p>\n\n\n\n<p>Programa do Governo do Estado, o Nota Paran\u00e1 devolve ao contribuinte parte do ICMS pago nas compras feitas no com\u00e9rcio varejista. Al\u00e9m de cr\u00e9ditos, tamb\u00e9m h\u00e1 sorteio de pr\u00eamios mensais em dinheiro aos contribuintes.<\/p>\n\n\n\n<p>Para participar, os consumidores cadastrados devem solicitar a inclus\u00e3o do CPF na nota fiscal. Essa pr\u00e1tica possibilita acumular cr\u00e9ditos, os quais podem ser transferidos para a conta banc\u00e1ria do participante ou usados no IPVA.<\/p>\n\n\n\n<p>Para se cadastrar, basta acessar o site\u00a0<strong><a href=\"https:\/\/www.notaparana.pr.gov.br\/\" target=\"_blank\" rel=\"noreferrer noopener\">www.notaparana.pr.gov.br<\/a><\/strong>, clicar na op\u00e7\u00e3o \u201ccadastre-se\u201d e preencher a ficha com os dados pessoais, como CPF, data de nascimento, nome completo, CEP e endere\u00e7o para cria\u00e7\u00e3o da senha pessoal.<\/p>\n","protected":false},"excerpt":{"rendered":"<p>Mais de R$ 5 milh\u00f5es em cr\u00e9ditos do Nota Paran\u00e1 foram transferidos para o pagamento do Imposto sobre a Propriedade de Ve\u00edculos Automotores (IPVA) 2025 at\u00e9 esta segunda-feira (25). O prazo para fazer a transfer\u00eancia dos valores em 2024 encerra em 30 de novembro. A Secretaria de Estado da Fazenda refor\u00e7a o alerta sobre o [&hellip;]<\/p>\n","protected":false},"author":2,"featured_media":30864,"comment_status":"open","ping_status":"open","sticky":false,"template":"","format":"standard","meta":{"footnotes":""},"categories":[7],"tags":[172],"class_list":["post-30862","post","type-post","status-publish","format-standard","has-post-thumbnail","hentry","category-geral","tag-featured"],"amp_enabled":true,"_links":{"self":[{"href":"https:\/\/radiostudiow.com.br\/site\/wp-json\/wp\/v2\/posts\/30862","targetHints":{"allow":["GET"]}}],"collection":[{"href":"https:\/\/radiostudiow.com.br\/site\/wp-json\/wp\/v2\/posts"}],"about":[{"href":"https:\/\/radiostudiow.com.br\/site\/wp-json\/wp\/v2\/types\/post"}],"author":[{"embeddable":true,"href":"https:\/\/radiostudiow.com.br\/site\/wp-json\/wp\/v2\/users\/2"}],"replies":[{"embeddable":true,"href":"https:\/\/radiostudiow.com.br\/site\/wp-json\/wp\/v2\/comments?post=30862"}],"version-history":[{"count":1,"href":"https:\/\/radiostudiow.com.br\/site\/wp-json\/wp\/v2\/posts\/30862\/revisions"}],"predecessor-version":[{"id":30865,"href":"https:\/\/radiostudiow.com.br\/site\/wp-json\/wp\/v2\/posts\/30862\/revisions\/30865"}],"wp:featuredmedia":[{"embeddable":true,"href":"https:\/\/radiostudiow.com.br\/site\/wp-json\/wp\/v2\/media\/30864"}],"wp:attachment":[{"href":"https:\/\/radiostudiow.com.br\/site\/wp-json\/wp\/v2\/media?parent=30862"}],"wp:term":[{"taxonomy":"category","embeddable":true,"href":"https:\/\/radiostudiow.com.br\/site\/wp-json\/wp\/v2\/categories?post=30862"},{"taxonomy":"post_tag","embeddable":true,"href":"https:\/\/radiostudiow.com.br\/site\/wp-json\/wp\/v2\/tags?post=30862"}],"curies":[{"name":"wp","href":"https:\/\/api.w.org\/{rel}","templated":true}]}}