{"id":30874,"date":"2024-11-27T19:15:26","date_gmt":"2024-11-27T22:15:26","guid":{"rendered":"https:\/\/radiostudiow.com.br\/site\/?p=30874"},"modified":"2025-01-31T14:58:10","modified_gmt":"2025-01-31T17:58:10","slug":"acidente-de-trabalho-mobiliza-corpo-de-bombeiros-em-uniao-da-vitoria","status":"publish","type":"post","link":"https:\/\/radiostudiow.com.br\/site\/2024\/11\/27\/acidente-de-trabalho-mobiliza-corpo-de-bombeiros-em-uniao-da-vitoria\/","title":{"rendered":"Acidente de trabalho mobiliza Corpo de Bombeiros em Uni\u00e3o da Vit\u00f3ria"},"content":{"rendered":"\n<p>Um acidente de trabalho em uma oficina localizada na BR-153 mobilizou uma equipe do Corpo de Bombeiros de Uni\u00e3o da Vit\u00f3ria por volta das 09:20 horas desta quarta-feira (27).<\/p>\n\n\n\n<figure class=\"wp-block-image size-full\"><img loading=\"lazy\" decoding=\"async\" width=\"598\" height=\"204\" src=\"https:\/\/radiostudiow.com.br\/site\/wp-content\/uploads\/2024\/10\/labirati.png\" alt=\"\" class=\"wp-image-28854\" srcset=\"https:\/\/radiostudiow.com.br\/site\/wp-content\/uploads\/2024\/10\/labirati.png 598w, https:\/\/radiostudiow.com.br\/site\/wp-content\/uploads\/2024\/10\/labirati-300x102.png 300w\" sizes=\"auto, (max-width: 598px) 100vw, 598px\" \/><\/figure>\n\n\n\n<p>No local, os socorristas atenderam um homem de 74 anos, que sofreu ferimentos na cabe\u00e7a ap\u00f3s ser atingido por um vergalh\u00e3o. Ele que sofreu ferimentos moderados.<\/p>\n\n\n\n<p>A v\u00edtima foi encaminhada ao Hospital Regional S\u00e3o Camilo para receber atendimento m\u00e9dico especializado.<a href=\"mailto:?subject=Acidente%20de%20trabalho%20mobiliza%20Corpo%20de%20Bombeiros%20em%20Uni%C3%A3o%20da%20Vit%C3%B3ria&amp;body=https:\/\/www.vvale.com.br\/seguranca\/acidente-de-trabalho-mobiliza-corpo-de-bombeiros-em-uniao-da-vitoria\/\" target=\"_blank\" rel=\"noreferrer noopener\"><\/a><\/p>\n","protected":false},"excerpt":{"rendered":"<p>Um acidente de trabalho em uma oficina localizada na BR-153 mobilizou uma equipe do Corpo de Bombeiros de Uni\u00e3o da Vit\u00f3ria por volta das 09:20 horas desta quarta-feira (27). No local, os socorristas atenderam um homem de 74 anos, que sofreu ferimentos na cabe\u00e7a ap\u00f3s ser atingido por um vergalh\u00e3o. Ele que sofreu ferimentos moderados. [&hellip;]<\/p>\n","protected":false},"author":2,"featured_media":22624,"comment_status":"open","ping_status":"open","sticky":false,"template":"","format":"standard","meta":{"footnotes":""},"categories":[185],"tags":[172],"class_list":["post-30874","post","type-post","status-publish","format-standard","has-post-thumbnail","hentry","category-regional","tag-featured"],"amp_enabled":true,"_links":{"self":[{"href":"https:\/\/radiostudiow.com.br\/site\/wp-json\/wp\/v2\/posts\/30874","targetHints":{"allow":["GET"]}}],"collection":[{"href":"https:\/\/radiostudiow.com.br\/site\/wp-json\/wp\/v2\/posts"}],"about":[{"href":"https:\/\/radiostudiow.com.br\/site\/wp-json\/wp\/v2\/types\/post"}],"author":[{"embeddable":true,"href":"https:\/\/radiostudiow.com.br\/site\/wp-json\/wp\/v2\/users\/2"}],"replies":[{"embeddable":true,"href":"https:\/\/radiostudiow.com.br\/site\/wp-json\/wp\/v2\/comments?post=30874"}],"version-history":[{"count":2,"href":"https:\/\/radiostudiow.com.br\/site\/wp-json\/wp\/v2\/posts\/30874\/revisions"}],"predecessor-version":[{"id":30879,"href":"https:\/\/radiostudiow.com.br\/site\/wp-json\/wp\/v2\/posts\/30874\/revisions\/30879"}],"wp:featuredmedia":[{"embeddable":true,"href":"https:\/\/radiostudiow.com.br\/site\/wp-json\/wp\/v2\/media\/22624"}],"wp:attachment":[{"href":"https:\/\/radiostudiow.com.br\/site\/wp-json\/wp\/v2\/media?parent=30874"}],"wp:term":[{"taxonomy":"category","embeddable":true,"href":"https:\/\/radiostudiow.com.br\/site\/wp-json\/wp\/v2\/categories?post=30874"},{"taxonomy":"post_tag","embeddable":true,"href":"https:\/\/radiostudiow.com.br\/site\/wp-json\/wp\/v2\/tags?post=30874"}],"curies":[{"name":"wp","href":"https:\/\/api.w.org\/{rel}","templated":true}]}}