{"id":30888,"date":"2024-11-28T09:43:42","date_gmt":"2024-11-28T12:43:42","guid":{"rendered":"https:\/\/radiostudiow.com.br\/site\/?p=30888"},"modified":"2025-01-31T14:58:10","modified_gmt":"2025-01-31T17:58:10","slug":"homem-perde-a-vida-em-acidente-br-280-em-irineopolis","status":"publish","type":"post","link":"https:\/\/radiostudiow.com.br\/site\/2024\/11\/28\/homem-perde-a-vida-em-acidente-br-280-em-irineopolis\/","title":{"rendered":"Homem perde a vida em acidente BR-280 em Irine\u00f3polis"},"content":{"rendered":"\n<p>Na tarde desta ter\u00e7a-feira, 26 de novembro, um grave acidente na BR-280, em Irine\u00f3polis, no Planalto Norte de Santa Catarina, tirou a vida do motorista de \u00f4nibus&nbsp;Eneas Mangue, de 47 anos,&nbsp;conhecido pelos amigos como N\u00e9ia.<\/p>\n\n\n\n<p>A colis\u00e3o frontal envolveu dois carros e um caminh\u00e3o, segundo informa\u00e7\u00f5es da Pol\u00edcia Rodovi\u00e1ria Federal (PRF).<\/p>\n\n\n\n<div class=\"wp-block-media-text is-stacked-on-mobile\"><figure class=\"wp-block-media-text__media\"><img decoding=\"async\" src=\"https:\/\/radiostudiow.com.br\/site\/wp-content\/uploads\/2024\/11\/image-63-1024x1024.png\" alt=\"\" class=\"wp-image-30211 size-full\"\/><\/figure><div class=\"wp-block-media-text__content\">\n<p>AFUBRA IRATI: \ud83d\udcde(42) 3421-1700<br>\ud83d\udccd Rua Coronel Emilio Gomes, 399, Centro &#8211; Irati &#8211; PR<\/p>\n\n\n\n<p>AFUBRA IMBITUVA: \ud83d\udcde(42) 3436-84003<br>\ud83d\udccd RUA Jacobe Brener, 830 &#8211; Centro, Imbituva &#8211; PR<\/p>\n\n\n\n<p><a href=\"https:\/\/www.lojasafubra.com.br\">https:\/\/www.lojasafubra.com.br<\/a><\/p>\n<\/div><\/div>\n\n\n\n<p>Eneas dirigia um Volkswagen Gol com placas de Irine\u00f3polis quando o acidente ocorreu no km 281 da rodovia. As equipes de resgate encontraram o motorista j\u00e1 sem vida dentro do ve\u00edculo.<\/p>\n\n\n\n<p>O acidente tamb\u00e9m deixou outras duas pessoas feridas.&nbsp;O condutor de um Fiat Strada, de 48 anos, foi socorrido pelo Samu e encaminhado ao Hospital S\u00e3o Camilo, em Uni\u00e3o da Vit\u00f3ria. J\u00e1 o motorista do caminh\u00e3o, um Iveco Acelo com placas de Curitiba, sofreu apenas les\u00f5es leves e tamb\u00e9m recebeu atendimento m\u00e9dico.<\/p>\n\n\n\n<p>A PRF informou que tanto o Fiat Strada quanto o caminh\u00e3o envolvidos no acidente possuem placas de Curitiba. Eneas Mangue trabalhava como motorista de \u00f4nibus em uma empresa de turismo catarinense.<\/p>\n\n\n\n<figure class=\"wp-block-gallery has-nested-images columns-default is-cropped wp-block-gallery-1 is-layout-flex wp-block-gallery-is-layout-flex\">\n<figure class=\"wp-block-image size-large\"><img decoding=\"async\" data-id=\"30891\" src=\"https:\/\/radiostudiow.com.br\/site\/wp-content\/uploads\/2024\/11\/01-7.png\" alt=\"\" class=\"wp-image-30891\"\/><\/figure>\n\n\n\n<figure class=\"wp-block-image size-large\"><img loading=\"lazy\" decoding=\"async\" width=\"598\" height=\"600\" data-id=\"30890\" src=\"https:\/\/radiostudiow.com.br\/site\/wp-content\/uploads\/2024\/11\/02-5.jpeg\" alt=\"\" class=\"wp-image-30890\" srcset=\"https:\/\/radiostudiow.com.br\/site\/wp-content\/uploads\/2024\/11\/02-5.jpeg 598w, https:\/\/radiostudiow.com.br\/site\/wp-content\/uploads\/2024\/11\/02-5-300x300.jpeg 300w, https:\/\/radiostudiow.com.br\/site\/wp-content\/uploads\/2024\/11\/02-5-80x80.jpeg 80w\" sizes=\"auto, (max-width: 598px) 100vw, 598px\" \/><\/figure>\n<\/figure>\n","protected":false},"excerpt":{"rendered":"<p>Na tarde desta ter\u00e7a-feira, 26 de novembro, um grave acidente na BR-280, em Irine\u00f3polis, no Planalto Norte de Santa Catarina, tirou a vida do motorista de \u00f4nibus&nbsp;Eneas Mangue, de 47 anos,&nbsp;conhecido pelos amigos como N\u00e9ia. A colis\u00e3o frontal envolveu dois carros e um caminh\u00e3o, segundo informa\u00e7\u00f5es da Pol\u00edcia Rodovi\u00e1ria Federal (PRF). AFUBRA IRATI: \ud83d\udcde(42) 3421-1700\ud83d\udccd [&hellip;]<\/p>\n","protected":false},"author":2,"featured_media":30889,"comment_status":"open","ping_status":"open","sticky":false,"template":"","format":"standard","meta":{"footnotes":""},"categories":[2],"tags":[172],"class_list":["post-30888","post","type-post","status-publish","format-standard","has-post-thumbnail","hentry","category-policial","tag-featured"],"amp_enabled":true,"_links":{"self":[{"href":"https:\/\/radiostudiow.com.br\/site\/wp-json\/wp\/v2\/posts\/30888","targetHints":{"allow":["GET"]}}],"collection":[{"href":"https:\/\/radiostudiow.com.br\/site\/wp-json\/wp\/v2\/posts"}],"about":[{"href":"https:\/\/radiostudiow.com.br\/site\/wp-json\/wp\/v2\/types\/post"}],"author":[{"embeddable":true,"href":"https:\/\/radiostudiow.com.br\/site\/wp-json\/wp\/v2\/users\/2"}],"replies":[{"embeddable":true,"href":"https:\/\/radiostudiow.com.br\/site\/wp-json\/wp\/v2\/comments?post=30888"}],"version-history":[{"count":1,"href":"https:\/\/radiostudiow.com.br\/site\/wp-json\/wp\/v2\/posts\/30888\/revisions"}],"predecessor-version":[{"id":30892,"href":"https:\/\/radiostudiow.com.br\/site\/wp-json\/wp\/v2\/posts\/30888\/revisions\/30892"}],"wp:featuredmedia":[{"embeddable":true,"href":"https:\/\/radiostudiow.com.br\/site\/wp-json\/wp\/v2\/media\/30889"}],"wp:attachment":[{"href":"https:\/\/radiostudiow.com.br\/site\/wp-json\/wp\/v2\/media?parent=30888"}],"wp:term":[{"taxonomy":"category","embeddable":true,"href":"https:\/\/radiostudiow.com.br\/site\/wp-json\/wp\/v2\/categories?post=30888"},{"taxonomy":"post_tag","embeddable":true,"href":"https:\/\/radiostudiow.com.br\/site\/wp-json\/wp\/v2\/tags?post=30888"}],"curies":[{"name":"wp","href":"https:\/\/api.w.org\/{rel}","templated":true}]}}