{"id":30893,"date":"2024-11-28T09:45:40","date_gmt":"2024-11-28T12:45:40","guid":{"rendered":"https:\/\/radiostudiow.com.br\/site\/?p=30893"},"modified":"2025-01-31T14:58:10","modified_gmt":"2025-01-31T17:58:10","slug":"selo-nacional-compromisso-com-a-alfabetizacao-e-mallet-e-ouro","status":"publish","type":"post","link":"https:\/\/radiostudiow.com.br\/site\/2024\/11\/28\/selo-nacional-compromisso-com-a-alfabetizacao-e-mallet-e-ouro\/","title":{"rendered":"Selo Nacional Compromisso com a Alfabetiza\u00e7\u00e3o e Mallet \u00e9 Ouro"},"content":{"rendered":"\n<p>O Selo Nacional Compromisso com a Alfabetiza\u00e7\u00e3o \u00e9 um emblema que atesta o empenho das gest\u00f5es estaduais, municipais e distrital em assegurar o direito \u00e0 alfabetiza\u00e7\u00e3o das crian\u00e7as. Este selo \u00e9 uma forma de reconhecimento simb\u00f3lico, mediante necessidade de comprova\u00e7\u00e3o de ado\u00e7\u00e3o de estrat\u00e9gias e de ades\u00e3o \u00e0s iniciativas desenvolvidas na rede de ensino.<\/p>\n\n\n\n<figure class=\"wp-block-image size-full\"><img loading=\"lazy\" decoding=\"async\" width=\"598\" height=\"204\" src=\"https:\/\/radiostudiow.com.br\/site\/wp-content\/uploads\/2024\/10\/labirati.png\" alt=\"\" class=\"wp-image-28854\" srcset=\"https:\/\/radiostudiow.com.br\/site\/wp-content\/uploads\/2024\/10\/labirati.png 598w, https:\/\/radiostudiow.com.br\/site\/wp-content\/uploads\/2024\/10\/labirati-300x102.png 300w\" sizes=\"auto, (max-width: 598px) 100vw, 598px\" \/><\/figure>\n\n\n\n<p>O Selo Nacional Compromisso com a Alfabetiza\u00e7\u00e3o est\u00e1 dividido em tr\u00eas categorias:<\/p>\n\n\n\n<p>I &#8211; categoria bronze: conferido \u00e0s secretarias de educa\u00e7\u00e3o que alcan\u00e7arem pontua\u00e7\u00e3o entre 45 e 64 pontos;<\/p>\n\n\n\n<p>II &#8211; categoria prata: conferido \u00e0s secretarias de educa\u00e7\u00e3o que obtiverem pontua\u00e7\u00e3o entre 65 e 84 pontos; <\/p>\n\n\n\n<p>III &#8211; categoria ouro: conferido \u00e0s secretarias de educa\u00e7\u00e3o que obtiverem pontua\u00e7\u00e3o entre 85 e 100 pontos.<\/p>\n\n\n\n<p><em>A cerim\u00f4nia de entrega do Selo Nacional Compromisso com a Alfabetiza\u00e7\u00e3o ser\u00e1 realizada pelo Minist\u00e9rio da Educa\u00e7\u00e3o na cidade de Bras\u00edlia, no Distrito Federal.<\/em><\/p>\n\n\n\n<blockquote class=\"wp-block-quote is-layout-flow wp-block-quote-is-layout-flow\">\n<p class=\"has-text-align-center\">Nos orgulhamos por mais essa conquista da nossa rede de ensino, o empenho de todos \u00e9 fundamental para o sucesso da nossa educa\u00e7\u00e3o. Parab\u00e9ns a todos pela dedica\u00e7\u00e3o e comprometimento.<\/p>\n<\/blockquote>\n","protected":false},"excerpt":{"rendered":"<p>O Selo Nacional Compromisso com a Alfabetiza\u00e7\u00e3o \u00e9 um emblema que atesta o empenho das gest\u00f5es estaduais, municipais e distrital em assegurar o direito \u00e0 alfabetiza\u00e7\u00e3o das crian\u00e7as. Este selo \u00e9 uma forma de reconhecimento simb\u00f3lico, mediante necessidade de comprova\u00e7\u00e3o de ado\u00e7\u00e3o de estrat\u00e9gias e de ades\u00e3o \u00e0s iniciativas desenvolvidas na rede de ensino. O [&hellip;]<\/p>\n","protected":false},"author":2,"featured_media":30894,"comment_status":"open","ping_status":"open","sticky":false,"template":"","format":"standard","meta":{"footnotes":""},"categories":[184],"tags":[172],"class_list":["post-30893","post","type-post","status-publish","format-standard","has-post-thumbnail","hentry","category-local","tag-featured"],"amp_enabled":true,"_links":{"self":[{"href":"https:\/\/radiostudiow.com.br\/site\/wp-json\/wp\/v2\/posts\/30893","targetHints":{"allow":["GET"]}}],"collection":[{"href":"https:\/\/radiostudiow.com.br\/site\/wp-json\/wp\/v2\/posts"}],"about":[{"href":"https:\/\/radiostudiow.com.br\/site\/wp-json\/wp\/v2\/types\/post"}],"author":[{"embeddable":true,"href":"https:\/\/radiostudiow.com.br\/site\/wp-json\/wp\/v2\/users\/2"}],"replies":[{"embeddable":true,"href":"https:\/\/radiostudiow.com.br\/site\/wp-json\/wp\/v2\/comments?post=30893"}],"version-history":[{"count":1,"href":"https:\/\/radiostudiow.com.br\/site\/wp-json\/wp\/v2\/posts\/30893\/revisions"}],"predecessor-version":[{"id":30895,"href":"https:\/\/radiostudiow.com.br\/site\/wp-json\/wp\/v2\/posts\/30893\/revisions\/30895"}],"wp:featuredmedia":[{"embeddable":true,"href":"https:\/\/radiostudiow.com.br\/site\/wp-json\/wp\/v2\/media\/30894"}],"wp:attachment":[{"href":"https:\/\/radiostudiow.com.br\/site\/wp-json\/wp\/v2\/media?parent=30893"}],"wp:term":[{"taxonomy":"category","embeddable":true,"href":"https:\/\/radiostudiow.com.br\/site\/wp-json\/wp\/v2\/categories?post=30893"},{"taxonomy":"post_tag","embeddable":true,"href":"https:\/\/radiostudiow.com.br\/site\/wp-json\/wp\/v2\/tags?post=30893"}],"curies":[{"name":"wp","href":"https:\/\/api.w.org\/{rel}","templated":true}]}}