{"id":30896,"date":"2024-11-28T10:04:44","date_gmt":"2024-11-28T13:04:44","guid":{"rendered":"https:\/\/radiostudiow.com.br\/site\/?p=30896"},"modified":"2025-01-31T14:58:10","modified_gmt":"2025-01-31T17:58:10","slug":"sicredi-promove-evento-do-novembro-azul-para-centenas-de-homens-em-irati","status":"publish","type":"post","link":"https:\/\/radiostudiow.com.br\/site\/2024\/11\/28\/sicredi-promove-evento-do-novembro-azul-para-centenas-de-homens-em-irati\/","title":{"rendered":"Sicredi promove evento do Novembro Azul para centenas de homens em Irati"},"content":{"rendered":"\n<p>A cooperativa Sicredi realizou, nesta quarta-feira (27), um importante evento voltado \u00e0 sa\u00fade masculina, reunindo mais de 500 participantes no Italiano Centro de Eventos, em Irati.<\/p>\n\n\n\n<p>A iniciativa trouxe palestras sobre cuidados preventivos, sa\u00fade f\u00edsica e mental, e abordou a necessidade de quebrar tabus que ainda afastam muitos homens do acompanhamento m\u00e9dico.<\/p>\n\n\n\n<figure class=\"wp-block-image size-large\"><img decoding=\"async\" src=\"https:\/\/radiostudiow.com.br\/site\/wp-content\/uploads\/2024\/10\/zm_0002_24AG_anuncio_261x83mm-1024x359.png\" alt=\"\" class=\"wp-image-28224\"\/><\/figure>\n\n\n\n<p>O presidente da Sicredi Centro Sul, Santo Cappellari, abriu o evento destacando a import\u00e2ncia da conscientiza\u00e7\u00e3o sobre a sa\u00fade masculina. Ele enfatizou o papel da cooperativa na promo\u00e7\u00e3o de iniciativas preventivas:<br><em>\u201cA presen\u00e7a do m\u00e9dico n\u00e3o \u00e9 s\u00f3 para falar do c\u00e2ncer de pr\u00f3stata, mas para abordar, de forma geral, os cuidados que os homens devem adotar para alcan\u00e7ar a melhor idade com qualidade de vida. Nossa cooperativa trabalha h\u00e1 uma d\u00e9cada com associados da regi\u00e3o, incentivando o cuidado com a sa\u00fade no m\u00eas de novembro\u201d, destacou Cappellari em sua fala.<\/em><\/p>\n\n\n\n<div class=\"wp-block-media-text is-stacked-on-mobile\"><figure class=\"wp-block-media-text__media\"><img loading=\"lazy\" decoding=\"async\" width=\"1024\" height=\"939\" src=\"https:\/\/radiostudiow.com.br\/site\/wp-content\/uploads\/2024\/11\/0fab9df3-98c9-4da9-8cec-91e51a84cd58-1024x939.jpg\" alt=\"\" class=\"wp-image-30898 size-full\" srcset=\"https:\/\/radiostudiow.com.br\/site\/wp-content\/uploads\/2024\/11\/0fab9df3-98c9-4da9-8cec-91e51a84cd58-1024x939.jpg 1024w, https:\/\/radiostudiow.com.br\/site\/wp-content\/uploads\/2024\/11\/0fab9df3-98c9-4da9-8cec-91e51a84cd58-300x275.jpg 300w, https:\/\/radiostudiow.com.br\/site\/wp-content\/uploads\/2024\/11\/0fab9df3-98c9-4da9-8cec-91e51a84cd58-768x704.jpg 768w, https:\/\/radiostudiow.com.br\/site\/wp-content\/uploads\/2024\/11\/0fab9df3-98c9-4da9-8cec-91e51a84cd58.jpg 1080w\" sizes=\"auto, (max-width: 1024px) 100vw, 1024px\" \/><\/figure><div class=\"wp-block-media-text__content\">\n<p>A programa\u00e7\u00e3o incluiu uma palestra do Dr. Luiz Fernando Sella, que destacou a relev\u00e2ncia dos exames preventivos e desmistificou preconceitos relacionados ao cuidado m\u00e9dico masculino.<\/p>\n\n\n\n<p>Durante a manh\u00e3, ele respondeu a perguntas do p\u00fablico, refor\u00e7ando a necessidade de aten\u00e7\u00e3o \u00e0 sa\u00fade em todas as fases da vida.<\/p>\n<\/div><\/div>\n\n\n\n<p><\/p>\n\n\n\n<figure class=\"wp-block-image size-full\"><img loading=\"lazy\" decoding=\"async\" width=\"897\" height=\"204\" src=\"https:\/\/radiostudiow.com.br\/site\/wp-content\/uploads\/2024\/04\/image-37.png\" alt=\"\" class=\"wp-image-21305\" srcset=\"https:\/\/radiostudiow.com.br\/site\/wp-content\/uploads\/2024\/04\/image-37.png 897w, https:\/\/radiostudiow.com.br\/site\/wp-content\/uploads\/2024\/04\/image-37-300x68.png 300w, https:\/\/radiostudiow.com.br\/site\/wp-content\/uploads\/2024\/04\/image-37-768x175.png 768w\" sizes=\"auto, (max-width: 897px) 100vw, 897px\" \/><\/figure>\n\n\n\n<p><\/p>\n\n\n\n<div class=\"wp-block-media-text is-stacked-on-mobile\"><figure class=\"wp-block-media-text__media\"><img loading=\"lazy\" decoding=\"async\" width=\"1024\" height=\"837\" src=\"https:\/\/radiostudiow.com.br\/site\/wp-content\/uploads\/2024\/11\/4496778a-b680-4bf6-9fbc-4b42d0accbb2-1024x837.jpg\" alt=\"\" class=\"wp-image-30899 size-full\" srcset=\"https:\/\/radiostudiow.com.br\/site\/wp-content\/uploads\/2024\/11\/4496778a-b680-4bf6-9fbc-4b42d0accbb2-1024x837.jpg 1024w, https:\/\/radiostudiow.com.br\/site\/wp-content\/uploads\/2024\/11\/4496778a-b680-4bf6-9fbc-4b42d0accbb2-300x245.jpg 300w, https:\/\/radiostudiow.com.br\/site\/wp-content\/uploads\/2024\/11\/4496778a-b680-4bf6-9fbc-4b42d0accbb2-768x628.jpg 768w, https:\/\/radiostudiow.com.br\/site\/wp-content\/uploads\/2024\/11\/4496778a-b680-4bf6-9fbc-4b42d0accbb2.jpg 1080w\" sizes=\"auto, (max-width: 1024px) 100vw, 1024px\" \/><\/figure><div class=\"wp-block-media-text__content\">\n<p>Ap\u00f3s um delicioso almo\u00e7o servido \u00e0 todos os convidados, o grupo Doutores da Alegria trouxe momentos de descontra\u00e7\u00e3o e inspira\u00e7\u00e3o com sua apresenta\u00e7\u00e3o.<\/p>\n\n\n\n<p>Conhecidos por levar otimismo a crian\u00e7as internadas em hospitais, os artistas emocionaram e trouxeram alegria ao p\u00fablico com mensagens positivas e de incentivo ao cuidado com a sa\u00fade e o bem estar de todos.<\/p>\n<\/div><\/div>\n\n\n\n<figure class=\"wp-block-gallery has-nested-images columns-default is-cropped wp-block-gallery-1 is-layout-flex wp-block-gallery-is-layout-flex\">\n<figure class=\"wp-block-image size-large\"><img loading=\"lazy\" decoding=\"async\" width=\"886\" height=\"983\" data-id=\"30901\" src=\"https:\/\/radiostudiow.com.br\/site\/wp-content\/uploads\/2024\/11\/19b197be-f4a3-4c63-96b2-bb58e58dfcec.jpg\" alt=\"\" class=\"wp-image-30901\" srcset=\"https:\/\/radiostudiow.com.br\/site\/wp-content\/uploads\/2024\/11\/19b197be-f4a3-4c63-96b2-bb58e58dfcec.jpg 886w, https:\/\/radiostudiow.com.br\/site\/wp-content\/uploads\/2024\/11\/19b197be-f4a3-4c63-96b2-bb58e58dfcec-270x300.jpg 270w, https:\/\/radiostudiow.com.br\/site\/wp-content\/uploads\/2024\/11\/19b197be-f4a3-4c63-96b2-bb58e58dfcec-768x852.jpg 768w\" sizes=\"auto, (max-width: 886px) 100vw, 886px\" \/><\/figure>\n\n\n\n<figure class=\"wp-block-image size-large\"><img loading=\"lazy\" decoding=\"async\" width=\"1024\" height=\"952\" data-id=\"30902\" src=\"https:\/\/radiostudiow.com.br\/site\/wp-content\/uploads\/2024\/11\/0d796004-fb11-47f8-ac02-5e0ff63e4df4-1024x952.jpg\" alt=\"\" class=\"wp-image-30902\" srcset=\"https:\/\/radiostudiow.com.br\/site\/wp-content\/uploads\/2024\/11\/0d796004-fb11-47f8-ac02-5e0ff63e4df4-1024x952.jpg 1024w, https:\/\/radiostudiow.com.br\/site\/wp-content\/uploads\/2024\/11\/0d796004-fb11-47f8-ac02-5e0ff63e4df4-300x279.jpg 300w, https:\/\/radiostudiow.com.br\/site\/wp-content\/uploads\/2024\/11\/0d796004-fb11-47f8-ac02-5e0ff63e4df4-768x714.jpg 768w, https:\/\/radiostudiow.com.br\/site\/wp-content\/uploads\/2024\/11\/0d796004-fb11-47f8-ac02-5e0ff63e4df4.jpg 1080w\" sizes=\"auto, (max-width: 1024px) 100vw, 1024px\" \/><\/figure>\n\n\n\n<figure class=\"wp-block-image size-large\"><img loading=\"lazy\" decoding=\"async\" width=\"1024\" height=\"1024\" data-id=\"30900\" src=\"https:\/\/radiostudiow.com.br\/site\/wp-content\/uploads\/2024\/11\/099dce9a-8372-4e88-b8d7-886735fa3874-1024x1024.jpg\" alt=\"\" class=\"wp-image-30900\" srcset=\"https:\/\/radiostudiow.com.br\/site\/wp-content\/uploads\/2024\/11\/099dce9a-8372-4e88-b8d7-886735fa3874-1024x1024.jpg 1024w, https:\/\/radiostudiow.com.br\/site\/wp-content\/uploads\/2024\/11\/099dce9a-8372-4e88-b8d7-886735fa3874-300x300.jpg 300w, https:\/\/radiostudiow.com.br\/site\/wp-content\/uploads\/2024\/11\/099dce9a-8372-4e88-b8d7-886735fa3874-768x768.jpg 768w, https:\/\/radiostudiow.com.br\/site\/wp-content\/uploads\/2024\/11\/099dce9a-8372-4e88-b8d7-886735fa3874-80x80.jpg 80w, https:\/\/radiostudiow.com.br\/site\/wp-content\/uploads\/2024\/11\/099dce9a-8372-4e88-b8d7-886735fa3874.jpg 1080w\" sizes=\"auto, (max-width: 1024px) 100vw, 1024px\" \/><\/figure>\n<\/figure>\n\n\n\n<p>Os participantes tamb\u00e9m contribu\u00edram com 01 kg de alimento, destinados a institui\u00e7\u00f5es beneficentes, onde ap\u00f3s sorteio as cidades de In\u00e1cio Martins e Irati foram escolhidas para receber as doa\u00e7\u00f5es.<\/p>\n\n\n\n<p>O evento encerrou com a celebra\u00e7\u00e3o dos 40 anos da Sicredi Centro Sul, marcada por um bolo comemorativo servido a todos os presentes.<\/p>\n\n\n\n<p>A iniciativa refor\u00e7ou o compromisso da cooperativa com o bem-estar da comunidade, atrav\u00e9s de eventos como o Outubro Rosa e Novembro Azul, incentivando h\u00e1bitos saud\u00e1veis e a preven\u00e7\u00e3o como pilares para uma vida longa e plena.<\/p>\n\n\n\n<figure class=\"wp-block-image size-large\"><img loading=\"lazy\" decoding=\"async\" width=\"1024\" height=\"572\" src=\"https:\/\/radiostudiow.com.br\/site\/wp-content\/uploads\/2024\/11\/04-7-1024x572.jpeg\" alt=\"\" class=\"wp-image-30897\" srcset=\"https:\/\/radiostudiow.com.br\/site\/wp-content\/uploads\/2024\/11\/04-7-1024x572.jpeg 1024w, https:\/\/radiostudiow.com.br\/site\/wp-content\/uploads\/2024\/11\/04-7-300x168.jpeg 300w, https:\/\/radiostudiow.com.br\/site\/wp-content\/uploads\/2024\/11\/04-7-768x429.jpeg 768w, https:\/\/radiostudiow.com.br\/site\/wp-content\/uploads\/2024\/11\/04-7.jpeg 1080w\" sizes=\"auto, (max-width: 1024px) 100vw, 1024px\" \/><\/figure>\n\n\n\n<figure class=\"wp-block-video\"><video height=\"1080\" style=\"aspect-ratio: 1920 \/ 1080;\" width=\"1920\" controls src=\"https:\/\/radiostudiow.com.br\/site\/wp-content\/uploads\/2024\/11\/TV.mp4\"><\/video><\/figure>\n\n\n\n<p><\/p>\n","protected":false},"excerpt":{"rendered":"<p>A cooperativa Sicredi realizou, nesta quarta-feira (27), um importante evento voltado \u00e0 sa\u00fade masculina, reunindo mais de 500 participantes no Italiano Centro de Eventos, em Irati. A iniciativa trouxe palestras sobre cuidados preventivos, sa\u00fade f\u00edsica e mental, e abordou a necessidade de quebrar tabus que ainda afastam muitos homens do acompanhamento m\u00e9dico. O presidente da [&hellip;]<\/p>\n","protected":false},"author":2,"featured_media":30903,"comment_status":"open","ping_status":"open","sticky":false,"template":"","format":"standard","meta":{"footnotes":""},"categories":[185],"tags":[172],"class_list":["post-30896","post","type-post","status-publish","format-standard","has-post-thumbnail","hentry","category-regional","tag-featured"],"amp_enabled":true,"_links":{"self":[{"href":"https:\/\/radiostudiow.com.br\/site\/wp-json\/wp\/v2\/posts\/30896","targetHints":{"allow":["GET"]}}],"collection":[{"href":"https:\/\/radiostudiow.com.br\/site\/wp-json\/wp\/v2\/posts"}],"about":[{"href":"https:\/\/radiostudiow.com.br\/site\/wp-json\/wp\/v2\/types\/post"}],"author":[{"embeddable":true,"href":"https:\/\/radiostudiow.com.br\/site\/wp-json\/wp\/v2\/users\/2"}],"replies":[{"embeddable":true,"href":"https:\/\/radiostudiow.com.br\/site\/wp-json\/wp\/v2\/comments?post=30896"}],"version-history":[{"count":1,"href":"https:\/\/radiostudiow.com.br\/site\/wp-json\/wp\/v2\/posts\/30896\/revisions"}],"predecessor-version":[{"id":30905,"href":"https:\/\/radiostudiow.com.br\/site\/wp-json\/wp\/v2\/posts\/30896\/revisions\/30905"}],"wp:featuredmedia":[{"embeddable":true,"href":"https:\/\/radiostudiow.com.br\/site\/wp-json\/wp\/v2\/media\/30903"}],"wp:attachment":[{"href":"https:\/\/radiostudiow.com.br\/site\/wp-json\/wp\/v2\/media?parent=30896"}],"wp:term":[{"taxonomy":"category","embeddable":true,"href":"https:\/\/radiostudiow.com.br\/site\/wp-json\/wp\/v2\/categories?post=30896"},{"taxonomy":"post_tag","embeddable":true,"href":"https:\/\/radiostudiow.com.br\/site\/wp-json\/wp\/v2\/tags?post=30896"}],"curies":[{"name":"wp","href":"https:\/\/api.w.org\/{rel}","templated":true}]}}