{"id":3090,"date":"2021-07-29T17:24:48","date_gmt":"2021-07-29T20:24:48","guid":{"rendered":"https:\/\/radiostudiow.com.br\/site\/?p=3090"},"modified":"2025-01-31T15:12:32","modified_gmt":"2025-01-31T18:12:32","slug":"agricultor-morre-atingido-por-trator-em-paulo-frontin","status":"publish","type":"post","link":"https:\/\/radiostudiow.com.br\/site\/2021\/07\/29\/agricultor-morre-atingido-por-trator-em-paulo-frontin\/","title":{"rendered":"Agricultor morre atingido por trator em Paulo Frontin"},"content":{"rendered":"\n<p>A Pol\u00edcia divulgou detalhes sobre a morte do agricultor que foi atingido por um trator durante essa ter\u00e7a-feira, dia 27 de julho, na localidade da Linha Igua\u00e7u, no interior da cidade de Paulo Frontin.<\/p>\n\n\n\n<p>O agricultou foi identificado como Amilto Roberto Filus, de 57 anos de idade. Ele estava trabalhando com um trator Massey Ferguson e acabou sendo atingido. A Pol\u00edcia divulgou que possivelmente em algum momento ele desceu do trator, o qual acabou passando por cima de seu corpo. O corpo do agricultor foi encontrado por volta das 13 horas por um familiar, sendo acionado o Instituto M\u00e9dico Legal \u2013 IML e a Pol\u00edcia Civil.<\/p>\n\n\n\n<p>Seu corpo foi velado na Igreja Nossa Senhora, na Col\u00f4nia Salete de Paulo Frontin. O sepultamento ocorre nesta quarta-feira, dia 28 de julho.<\/p>\n\n\n\n<figure class=\"wp-block-image size-large\"><img decoding=\"async\" src=\"https:\/\/radiostudiow.com.br\/site\/wp-content\/uploads\/2021\/07\/225204637_4293215934070312_1128721832838340144_n-1024x439.jpg\" alt=\"\" class=\"wp-image-3045\"\/><\/figure>\n\n\n\n<p>Fonte e Foto: Canal 4<\/p>\n","protected":false},"excerpt":{"rendered":"<p>A Pol\u00edcia divulgou detalhes sobre a morte do agricultor que foi atingido por um trator durante essa ter\u00e7a-feira, dia 27 de julho, na localidade da Linha Igua\u00e7u, no interior da cidade de Paulo Frontin. O agricultou foi identificado como Amilto Roberto Filus, de 57 anos de idade. Ele estava trabalhando com um trator Massey Ferguson [&hellip;]<\/p>\n","protected":false},"author":2,"featured_media":0,"comment_status":"open","ping_status":"open","sticky":false,"template":"","format":"standard","meta":{"footnotes":""},"categories":[185],"tags":[172],"class_list":["post-3090","post","type-post","status-publish","format-standard","hentry","category-regional","tag-featured"],"amp_enabled":true,"_links":{"self":[{"href":"https:\/\/radiostudiow.com.br\/site\/wp-json\/wp\/v2\/posts\/3090","targetHints":{"allow":["GET"]}}],"collection":[{"href":"https:\/\/radiostudiow.com.br\/site\/wp-json\/wp\/v2\/posts"}],"about":[{"href":"https:\/\/radiostudiow.com.br\/site\/wp-json\/wp\/v2\/types\/post"}],"author":[{"embeddable":true,"href":"https:\/\/radiostudiow.com.br\/site\/wp-json\/wp\/v2\/users\/2"}],"replies":[{"embeddable":true,"href":"https:\/\/radiostudiow.com.br\/site\/wp-json\/wp\/v2\/comments?post=3090"}],"version-history":[{"count":1,"href":"https:\/\/radiostudiow.com.br\/site\/wp-json\/wp\/v2\/posts\/3090\/revisions"}],"predecessor-version":[{"id":3092,"href":"https:\/\/radiostudiow.com.br\/site\/wp-json\/wp\/v2\/posts\/3090\/revisions\/3092"}],"wp:attachment":[{"href":"https:\/\/radiostudiow.com.br\/site\/wp-json\/wp\/v2\/media?parent=3090"}],"wp:term":[{"taxonomy":"category","embeddable":true,"href":"https:\/\/radiostudiow.com.br\/site\/wp-json\/wp\/v2\/categories?post=3090"},{"taxonomy":"post_tag","embeddable":true,"href":"https:\/\/radiostudiow.com.br\/site\/wp-json\/wp\/v2\/tags?post=3090"}],"curies":[{"name":"wp","href":"https:\/\/api.w.org\/{rel}","templated":true}]}}