{"id":30919,"date":"2024-11-29T11:57:53","date_gmt":"2024-11-29T14:57:53","guid":{"rendered":"https:\/\/radiostudiow.com.br\/site\/?p=30919"},"modified":"2025-01-31T14:58:09","modified_gmt":"2025-01-31T17:58:09","slug":"veja-quem-tera-direito-ao-abono-do-pis-pasep-em-2025","status":"publish","type":"post","link":"https:\/\/radiostudiow.com.br\/site\/2024\/11\/29\/veja-quem-tera-direito-ao-abono-do-pis-pasep-em-2025\/","title":{"rendered":"Veja quem ter\u00e1 direito ao abono do PIS\/Pasep em 2025"},"content":{"rendered":"\n<p>O governo do presidente Luiz In\u00e1cio Lula da Silva (PT) anunciou mudan\u00e7as nas regras de acesso ao abono do PIS\/Pasep. Ter\u00e1 direito ao benef\u00edcio no ano que vem trabalhadores ganham at\u00e9 R$ 2.640.<\/p>\n\n\n\n<p>Esse valor ser\u00e1 corrigido pela infla\u00e7\u00e3o nos pr\u00f3ximos anos. As altera\u00e7\u00f5es ser\u00e3o feitas de forma gradual at\u00e9 atender apenas trabalhadores que ganham um sal\u00e1rio m\u00ednimo e meio, segundo pronunciamento do ministro Fernando Haddad (Fazenda), na noite desta quarta, 27.<\/p>\n\n\n\n<figure class=\"wp-block-image size-large\"><img loading=\"lazy\" decoding=\"async\" width=\"1024\" height=\"451\" src=\"https:\/\/radiostudiow.com.br\/site\/wp-content\/uploads\/2024\/11\/voce-tem-em-quem-confiar-nos-te-ajudamos-a-se-proteger-dos-golpes_1200x1200-1024x451.png\" alt=\"\" class=\"wp-image-30588\" srcset=\"https:\/\/radiostudiow.com.br\/site\/wp-content\/uploads\/2024\/11\/voce-tem-em-quem-confiar-nos-te-ajudamos-a-se-proteger-dos-golpes_1200x1200-1024x451.png 1024w, https:\/\/radiostudiow.com.br\/site\/wp-content\/uploads\/2024\/11\/voce-tem-em-quem-confiar-nos-te-ajudamos-a-se-proteger-dos-golpes_1200x1200-300x132.png 300w, https:\/\/radiostudiow.com.br\/site\/wp-content\/uploads\/2024\/11\/voce-tem-em-quem-confiar-nos-te-ajudamos-a-se-proteger-dos-golpes_1200x1200-768x339.png 768w, https:\/\/radiostudiow.com.br\/site\/wp-content\/uploads\/2024\/11\/voce-tem-em-quem-confiar-nos-te-ajudamos-a-se-proteger-dos-golpes_1200x1200.png 1200w\" sizes=\"auto, (max-width: 1024px) 100vw, 1024px\" \/><\/figure>\n\n\n\n<p>Pelas regras atuais t\u00eam direito ao abono do PIS\/Pasep quem trabalhou formalmente no ano-base do pagamento, recebendo at\u00e9 dois sal\u00e1rios m\u00ednimos em m\u00e9dia, desde que esteja inscrito no programa h\u00e1 pelo menos cinco anos e que o empregador tenha enviado os dados corretamente na Rais (Rela\u00e7\u00e3o Anual de Informa\u00e7\u00f5es Sociais).<\/p>\n\n\n\n<p><a href=\"https:\/\/www.bandab.com.br\/economia\/veja-quem-tera-direito-ao-abono-do-pis-pasep-em-2025\/\"><strong><em>Fonte: Portal da Banda B<\/em><\/strong><\/a><\/p>\n","protected":false},"excerpt":{"rendered":"<p>O governo do presidente Luiz In\u00e1cio Lula da Silva (PT) anunciou mudan\u00e7as nas regras de acesso ao abono do PIS\/Pasep. Ter\u00e1 direito ao benef\u00edcio no ano que vem trabalhadores ganham at\u00e9 R$ 2.640. Esse valor ser\u00e1 corrigido pela infla\u00e7\u00e3o nos pr\u00f3ximos anos. As altera\u00e7\u00f5es ser\u00e3o feitas de forma gradual at\u00e9 atender apenas trabalhadores que ganham [&hellip;]<\/p>\n","protected":false},"author":2,"featured_media":30940,"comment_status":"open","ping_status":"open","sticky":false,"template":"","format":"standard","meta":{"footnotes":""},"categories":[7],"tags":[172],"class_list":["post-30919","post","type-post","status-publish","format-standard","has-post-thumbnail","hentry","category-geral","tag-featured"],"amp_enabled":true,"_links":{"self":[{"href":"https:\/\/radiostudiow.com.br\/site\/wp-json\/wp\/v2\/posts\/30919","targetHints":{"allow":["GET"]}}],"collection":[{"href":"https:\/\/radiostudiow.com.br\/site\/wp-json\/wp\/v2\/posts"}],"about":[{"href":"https:\/\/radiostudiow.com.br\/site\/wp-json\/wp\/v2\/types\/post"}],"author":[{"embeddable":true,"href":"https:\/\/radiostudiow.com.br\/site\/wp-json\/wp\/v2\/users\/2"}],"replies":[{"embeddable":true,"href":"https:\/\/radiostudiow.com.br\/site\/wp-json\/wp\/v2\/comments?post=30919"}],"version-history":[{"count":2,"href":"https:\/\/radiostudiow.com.br\/site\/wp-json\/wp\/v2\/posts\/30919\/revisions"}],"predecessor-version":[{"id":30941,"href":"https:\/\/radiostudiow.com.br\/site\/wp-json\/wp\/v2\/posts\/30919\/revisions\/30941"}],"wp:featuredmedia":[{"embeddable":true,"href":"https:\/\/radiostudiow.com.br\/site\/wp-json\/wp\/v2\/media\/30940"}],"wp:attachment":[{"href":"https:\/\/radiostudiow.com.br\/site\/wp-json\/wp\/v2\/media?parent=30919"}],"wp:term":[{"taxonomy":"category","embeddable":true,"href":"https:\/\/radiostudiow.com.br\/site\/wp-json\/wp\/v2\/categories?post=30919"},{"taxonomy":"post_tag","embeddable":true,"href":"https:\/\/radiostudiow.com.br\/site\/wp-json\/wp\/v2\/tags?post=30919"}],"curies":[{"name":"wp","href":"https:\/\/api.w.org\/{rel}","templated":true}]}}