{"id":30921,"date":"2024-11-28T16:30:16","date_gmt":"2024-11-28T19:30:16","guid":{"rendered":"https:\/\/radiostudiow.com.br\/site\/?p=30921"},"modified":"2025-01-31T14:58:09","modified_gmt":"2025-01-31T17:58:09","slug":"omissao-de-guarda-de-animais-vira-caso-de-policia-em-uniao-da-vitoria","status":"publish","type":"post","link":"https:\/\/radiostudiow.com.br\/site\/2024\/11\/28\/omissao-de-guarda-de-animais-vira-caso-de-policia-em-uniao-da-vitoria\/","title":{"rendered":"Omiss\u00e3o de guarda de animais vira caso de policia em Uni\u00e3o da Vit\u00f3ria"},"content":{"rendered":"\n<p>A equipe da equipe Pol\u00edcia Militar de Uni\u00e3o da Vit\u00f3ria deslocou at\u00e9 o bairro S\u00e3o Sebasti\u00e3o para prestar atendimento a uma poss\u00edvel ocorr\u00eancia de omiss\u00e3o de cautela na guarda de animais por volta das 08:40 horas desta quarta-feira (27).<\/p>\n\n\n\n<figure class=\"wp-block-image size-full\"><img loading=\"lazy\" decoding=\"async\" width=\"900\" height=\"408\" src=\"https:\/\/radiostudiow.com.br\/site\/wp-content\/uploads\/2024\/09\/image-64-1.png\" alt=\"\" class=\"wp-image-28207\" srcset=\"https:\/\/radiostudiow.com.br\/site\/wp-content\/uploads\/2024\/09\/image-64-1.png 900w, https:\/\/radiostudiow.com.br\/site\/wp-content\/uploads\/2024\/09\/image-64-1-300x136.png 300w, https:\/\/radiostudiow.com.br\/site\/wp-content\/uploads\/2024\/09\/image-64-1-768x348.png 768w\" sizes=\"auto, (max-width: 900px) 100vw, 900px\" \/><\/figure>\n\n\n\n<p>Chegando no local, o solicitante passou a relatar que o c\u00e3o de seu vizinho invadiu o seu terreno e atacou o seu cachorro de estima\u00e7\u00e3o, resultando em seu \u00f3bito.<\/p>\n\n\n\n<p>Relata ainda que tal fato ocorreu devido \u00e0 falta de zelo e cuidado por parte do tutor do outro animal. Diante dos fatos as partes foram orientadas quanto aos procedimentos de pol\u00edcia judici\u00e1ria.<\/p>\n","protected":false},"excerpt":{"rendered":"<p>A equipe da equipe Pol\u00edcia Militar de Uni\u00e3o da Vit\u00f3ria deslocou at\u00e9 o bairro S\u00e3o Sebasti\u00e3o para prestar atendimento a uma poss\u00edvel ocorr\u00eancia de omiss\u00e3o de cautela na guarda de animais por volta das 08:40 horas desta quarta-feira (27). Chegando no local, o solicitante passou a relatar que o c\u00e3o de seu vizinho invadiu o [&hellip;]<\/p>\n","protected":false},"author":2,"featured_media":29243,"comment_status":"open","ping_status":"open","sticky":false,"template":"","format":"standard","meta":{"footnotes":""},"categories":[2],"tags":[172],"class_list":["post-30921","post","type-post","status-publish","format-standard","has-post-thumbnail","hentry","category-policial","tag-featured"],"amp_enabled":true,"_links":{"self":[{"href":"https:\/\/radiostudiow.com.br\/site\/wp-json\/wp\/v2\/posts\/30921","targetHints":{"allow":["GET"]}}],"collection":[{"href":"https:\/\/radiostudiow.com.br\/site\/wp-json\/wp\/v2\/posts"}],"about":[{"href":"https:\/\/radiostudiow.com.br\/site\/wp-json\/wp\/v2\/types\/post"}],"author":[{"embeddable":true,"href":"https:\/\/radiostudiow.com.br\/site\/wp-json\/wp\/v2\/users\/2"}],"replies":[{"embeddable":true,"href":"https:\/\/radiostudiow.com.br\/site\/wp-json\/wp\/v2\/comments?post=30921"}],"version-history":[{"count":1,"href":"https:\/\/radiostudiow.com.br\/site\/wp-json\/wp\/v2\/posts\/30921\/revisions"}],"predecessor-version":[{"id":30922,"href":"https:\/\/radiostudiow.com.br\/site\/wp-json\/wp\/v2\/posts\/30921\/revisions\/30922"}],"wp:featuredmedia":[{"embeddable":true,"href":"https:\/\/radiostudiow.com.br\/site\/wp-json\/wp\/v2\/media\/29243"}],"wp:attachment":[{"href":"https:\/\/radiostudiow.com.br\/site\/wp-json\/wp\/v2\/media?parent=30921"}],"wp:term":[{"taxonomy":"category","embeddable":true,"href":"https:\/\/radiostudiow.com.br\/site\/wp-json\/wp\/v2\/categories?post=30921"},{"taxonomy":"post_tag","embeddable":true,"href":"https:\/\/radiostudiow.com.br\/site\/wp-json\/wp\/v2\/tags?post=30921"}],"curies":[{"name":"wp","href":"https:\/\/api.w.org\/{rel}","templated":true}]}}