{"id":30933,"date":"2024-11-28T18:42:01","date_gmt":"2024-11-28T21:42:01","guid":{"rendered":"https:\/\/radiostudiow.com.br\/site\/?p=30933"},"modified":"2025-01-31T14:58:09","modified_gmt":"2025-01-31T17:58:09","slug":"homem-morre-afogado-no-distrito-de-rio-claro-do-sul-em-mallet","status":"publish","type":"post","link":"https:\/\/radiostudiow.com.br\/site\/2024\/11\/28\/homem-morre-afogado-no-distrito-de-rio-claro-do-sul-em-mallet\/","title":{"rendered":"IDENTIFICADO O HOMEM QUE MORRE AFOGADO NO DISTRITO DE RIO CLARO DO SUL EM MALLET"},"content":{"rendered":"\n<p>Na tarde desta quinta feira (28), um homem de aproximadamente 45 anos morreu afogado , em um arroio, no distrito de Rio Claro do Sul.<\/p>\n\n\n\n<p><strong>Antonio Maria Marques de Lima<\/strong>, mais conhecido como Pacheco, e mais alguns familiares, resolveram ir pescar em um Arroio na localidade de Col\u00f4nia uma, aproximadamente 2 km do centro de Rio Claro.<\/p>\n\n\n\n<div class=\"wp-block-media-text is-stacked-on-mobile\"><figure class=\"wp-block-media-text__media\"><img decoding=\"async\" src=\"https:\/\/radiostudiow.com.br\/site\/wp-content\/uploads\/2024\/11\/LABIRAT5I-1024x1024.png\" alt=\"\" class=\"wp-image-30183 size-full\"\/><\/figure><div class=\"wp-block-media-text__content\">\n<p>A Labirati cuida da sua sa\u00fade!<\/p>\n\n\n\n<p>\ud83d\udccdRua Major Estev\u00e3o &#8211; 208 &#8211; Centro &#8211; Mallet &#8211; PR &#8211; em frente a antiga prefeitura<\/p>\n\n\n\n<p>\u260e\ufe0f 42 99866-8578 | 42 3542-1001<\/p>\n<\/div><\/div>\n\n\n\n<p>Antonio acabou caindo no Rio, e n\u00e3o retornou mais. A equipe dos Bombeiros foi acionada, mais j\u00e1 retiraram Antonio sem vida. Ap\u00f3s as fortes chuvas que aconteceram em toda regi\u00e3o, os rios est\u00e3o cheios.<\/p>\n\n\n\n<p>Prestamos nossa Solidariedade a Familia enlutada.<\/p>\n","protected":false},"excerpt":{"rendered":"<p>Na tarde desta quinta feira (28), um homem de aproximadamente 45 anos morreu afogado , em um arroio, no distrito de Rio Claro do Sul. Antonio Maria Marques de Lima, mais conhecido como Pacheco, e mais alguns familiares, resolveram ir pescar em um Arroio na localidade de Col\u00f4nia uma, aproximadamente 2 km do centro de [&hellip;]<\/p>\n","protected":false},"author":2,"featured_media":30935,"comment_status":"open","ping_status":"open","sticky":false,"template":"","format":"standard","meta":{"footnotes":""},"categories":[185],"tags":[172],"class_list":["post-30933","post","type-post","status-publish","format-standard","has-post-thumbnail","hentry","category-regional","tag-featured"],"amp_enabled":true,"_links":{"self":[{"href":"https:\/\/radiostudiow.com.br\/site\/wp-json\/wp\/v2\/posts\/30933","targetHints":{"allow":["GET"]}}],"collection":[{"href":"https:\/\/radiostudiow.com.br\/site\/wp-json\/wp\/v2\/posts"}],"about":[{"href":"https:\/\/radiostudiow.com.br\/site\/wp-json\/wp\/v2\/types\/post"}],"author":[{"embeddable":true,"href":"https:\/\/radiostudiow.com.br\/site\/wp-json\/wp\/v2\/users\/2"}],"replies":[{"embeddable":true,"href":"https:\/\/radiostudiow.com.br\/site\/wp-json\/wp\/v2\/comments?post=30933"}],"version-history":[{"count":2,"href":"https:\/\/radiostudiow.com.br\/site\/wp-json\/wp\/v2\/posts\/30933\/revisions"}],"predecessor-version":[{"id":30937,"href":"https:\/\/radiostudiow.com.br\/site\/wp-json\/wp\/v2\/posts\/30933\/revisions\/30937"}],"wp:featuredmedia":[{"embeddable":true,"href":"https:\/\/radiostudiow.com.br\/site\/wp-json\/wp\/v2\/media\/30935"}],"wp:attachment":[{"href":"https:\/\/radiostudiow.com.br\/site\/wp-json\/wp\/v2\/media?parent=30933"}],"wp:term":[{"taxonomy":"category","embeddable":true,"href":"https:\/\/radiostudiow.com.br\/site\/wp-json\/wp\/v2\/categories?post=30933"},{"taxonomy":"post_tag","embeddable":true,"href":"https:\/\/radiostudiow.com.br\/site\/wp-json\/wp\/v2\/tags?post=30933"}],"curies":[{"name":"wp","href":"https:\/\/api.w.org\/{rel}","templated":true}]}}