{"id":30946,"date":"2024-11-30T09:18:14","date_gmt":"2024-11-30T12:18:14","guid":{"rendered":"https:\/\/radiostudiow.com.br\/site\/?p=30946"},"modified":"2025-01-31T14:58:09","modified_gmt":"2025-01-31T17:58:09","slug":"educacao-prorroga-prazo-para-matriculas-e-rematriculas-na-rede-estadual","status":"publish","type":"post","link":"https:\/\/radiostudiow.com.br\/site\/2024\/11\/30\/educacao-prorroga-prazo-para-matriculas-e-rematriculas-na-rede-estadual\/","title":{"rendered":"Educa\u00e7\u00e3o prorroga prazo para matr\u00edculas e rematr\u00edculas na rede estadual"},"content":{"rendered":"\n<p>A Secretaria de Estado da Educa\u00e7\u00e3o do Paran\u00e1 (Seed-PR) anunciou nesta sexta-feira (29) a prorroga\u00e7\u00e3o do prazo para matr\u00edculas e rematr\u00edculas da rede estadual de ensino. Inicialmente previsto para encerrar em 29 de novembro, o per\u00edodo foi estendido at\u00e9 o dia 6 de dezembro. A medida visa atender fam\u00edlias que ainda n\u00e3o conseguiram regularizar a situa\u00e7\u00e3o e garantir o acesso \u00e0 educa\u00e7\u00e3o para o ano letivo de 2025.<\/p>\n\n\n\n<p><strong><em>De acordo com o secret\u00e1rio estadual da Educa\u00e7\u00e3o, Roni Miranda, a extens\u00e3o \u00e9 uma forma de assegurar que nenhum estudante fique sem vaga. \u201cA educa\u00e7\u00e3o \u00e9 um direito fundamental, e queremos garantir que todas as fam\u00edlias tenham tempo suficiente para realizar o processo com tranquilidade. O sistema continuar\u00e1 funcionando de maneira pr\u00e1tica e acess\u00edvel, priorizando a agilidade e a seguran\u00e7a das informa\u00e7\u00f5es\u201d, afirmou.<\/em><\/strong><\/p>\n\n\n\n<figure class=\"wp-block-image size-full\"><img loading=\"lazy\" decoding=\"async\" width=\"900\" height=\"408\" src=\"https:\/\/radiostudiow.com.br\/site\/wp-content\/uploads\/2024\/09\/image-64-1.png\" alt=\"\" class=\"wp-image-28207\" srcset=\"https:\/\/radiostudiow.com.br\/site\/wp-content\/uploads\/2024\/09\/image-64-1.png 900w, https:\/\/radiostudiow.com.br\/site\/wp-content\/uploads\/2024\/09\/image-64-1-300x136.png 300w, https:\/\/radiostudiow.com.br\/site\/wp-content\/uploads\/2024\/09\/image-64-1-768x348.png 768w\" sizes=\"auto, (max-width: 900px) 100vw, 900px\" \/><\/figure>\n\n\n\n<p>O procedimento de matr\u00edcula e rematr\u00edcula \u00e9 feito exclusivamente online, por meio da&nbsp;<strong><a href=\"https:\/\/www.areadoaluno.seed.pr.gov.br\/servicosaoaluno\/pages\/publico\/login.jsf;jsessionid=Eau3mwNIyomihtaPGtMfLGdKl9JXN_eFKUx5aQja.sseed75003?dswid=8465\" target=\"_blank\" rel=\"noreferrer noopener\">\u00c1rea do Aluno<\/a><\/strong>, no&nbsp;<strong><a href=\"https:\/\/www.educacao.pr.gov.br\/desvio.html\" target=\"_blank\" rel=\"noreferrer noopener\">site oficial da Seed-PR<\/a><\/strong>. Estudantes maiores de 18 anos ou respons\u00e1veis legais podem confirmar a vaga, solicitar mudan\u00e7as de escola ou optar por cursos t\u00e9cnicos integrados ao Ensino M\u00e9dio. Ap\u00f3s a solicita\u00e7\u00e3o, o resultado ser\u00e1 enviado por e-mail, contendo informa\u00e7\u00f5es sobre a aloca\u00e7\u00e3o do estudante.<\/p>\n\n\n\n<p><strong>FACILIDADES E SUPORTE<\/strong>&nbsp;\u2013 Fernanda Evangelista, chefe do Departamento de Governan\u00e7a de Dados da Seed-PR, afirma que a prorroga\u00e7\u00e3o do prazo \u00e9 uma oportunidade importante para que nenhuma fam\u00edlia fique de fora do processo educacional. <em><strong>\u201cAmpliamos o per\u00edodo para que todos possam concluir as etapas necess\u00e1rias. Quem j\u00e1 faz parte da rede tem vaga garantida, mas \u00e9 essencial confirmar ou ajustar as informa\u00e7\u00f5es no sistema. Nosso objetivo \u00e9 proporcionar um processo eficiente e inclusivo\u201d, destacou.<\/strong><\/em><\/p>\n\n\n\n<p>Fam\u00edlias que enfrentarem dificuldades no acesso \u00e0 internet podem procurar apoio nas escolas estaduais ou nos N\u00facleos Regionais de Educa\u00e7\u00e3o. Al\u00e9m disso, a documenta\u00e7\u00e3o necess\u00e1ria, como RG, CPF, comprovante de resid\u00eancia e hist\u00f3rico escolar, pode ser anexada digitalmente ou apresentada presencialmente na escola at\u00e9 o in\u00edcio do ano letivo, previsto para 5 de fevereiro de 2025.<\/p>\n\n\n\n<figure class=\"wp-block-image size-full\"><img loading=\"lazy\" decoding=\"async\" width=\"598\" height=\"204\" src=\"https:\/\/radiostudiow.com.br\/site\/wp-content\/uploads\/2024\/04\/image-29.png\" alt=\"\" class=\"wp-image-21283\" srcset=\"https:\/\/radiostudiow.com.br\/site\/wp-content\/uploads\/2024\/04\/image-29.png 598w, https:\/\/radiostudiow.com.br\/site\/wp-content\/uploads\/2024\/04\/image-29-300x102.png 300w\" sizes=\"auto, (max-width: 598px) 100vw, 598px\" \/><\/figure>\n\n\n\n<p><strong>MAIS OPORTUNIDADES<\/strong>&nbsp;\u2013 Entre as novidades da rede estadual para 2025 est\u00e1 a possibilidade de estudantes do Ensino M\u00e9dio optarem por cursos t\u00e9cnicos concomitantes. A rede estadual oferece cerca de 300 op\u00e7\u00f5es em escolas t\u00e9cnicas, ampliando as oportunidades de forma\u00e7\u00e3o.<\/p>\n\n\n\n<p>A secretaria refor\u00e7a que garantir a matr\u00edcula ou rematr\u00edcula dentro do prazo \u00e9 essencial para assegurar a continuidade dos estudos e o acesso a uma educa\u00e7\u00e3o p\u00fablica de qualidade. Para mais informa\u00e7\u00f5es, acesse o&nbsp;<strong><a href=\"https:\/\/www.educacao.pr.gov.br\/desvio.html\" target=\"_blank\" rel=\"noreferrer noopener\">site oficial da Secretaria<\/a><\/strong>&nbsp;ou procure o N\u00facleo Regional de Educa\u00e7\u00e3o da sua regi\u00e3o.<\/p>\n","protected":false},"excerpt":{"rendered":"<p>A Secretaria de Estado da Educa\u00e7\u00e3o do Paran\u00e1 (Seed-PR) anunciou nesta sexta-feira (29) a prorroga\u00e7\u00e3o do prazo para matr\u00edculas e rematr\u00edculas da rede estadual de ensino. Inicialmente previsto para encerrar em 29 de novembro, o per\u00edodo foi estendido at\u00e9 o dia 6 de dezembro. A medida visa atender fam\u00edlias que ainda n\u00e3o conseguiram regularizar a [&hellip;]<\/p>\n","protected":false},"author":2,"featured_media":30972,"comment_status":"open","ping_status":"open","sticky":false,"template":"","format":"standard","meta":{"footnotes":""},"categories":[7],"tags":[172],"class_list":["post-30946","post","type-post","status-publish","format-standard","has-post-thumbnail","hentry","category-geral","tag-featured"],"amp_enabled":true,"_links":{"self":[{"href":"https:\/\/radiostudiow.com.br\/site\/wp-json\/wp\/v2\/posts\/30946","targetHints":{"allow":["GET"]}}],"collection":[{"href":"https:\/\/radiostudiow.com.br\/site\/wp-json\/wp\/v2\/posts"}],"about":[{"href":"https:\/\/radiostudiow.com.br\/site\/wp-json\/wp\/v2\/types\/post"}],"author":[{"embeddable":true,"href":"https:\/\/radiostudiow.com.br\/site\/wp-json\/wp\/v2\/users\/2"}],"replies":[{"embeddable":true,"href":"https:\/\/radiostudiow.com.br\/site\/wp-json\/wp\/v2\/comments?post=30946"}],"version-history":[{"count":3,"href":"https:\/\/radiostudiow.com.br\/site\/wp-json\/wp\/v2\/posts\/30946\/revisions"}],"predecessor-version":[{"id":30973,"href":"https:\/\/radiostudiow.com.br\/site\/wp-json\/wp\/v2\/posts\/30946\/revisions\/30973"}],"wp:featuredmedia":[{"embeddable":true,"href":"https:\/\/radiostudiow.com.br\/site\/wp-json\/wp\/v2\/media\/30972"}],"wp:attachment":[{"href":"https:\/\/radiostudiow.com.br\/site\/wp-json\/wp\/v2\/media?parent=30946"}],"wp:term":[{"taxonomy":"category","embeddable":true,"href":"https:\/\/radiostudiow.com.br\/site\/wp-json\/wp\/v2\/categories?post=30946"},{"taxonomy":"post_tag","embeddable":true,"href":"https:\/\/radiostudiow.com.br\/site\/wp-json\/wp\/v2\/tags?post=30946"}],"curies":[{"name":"wp","href":"https:\/\/api.w.org\/{rel}","templated":true}]}}