{"id":30949,"date":"2024-11-30T09:12:16","date_gmt":"2024-11-30T12:12:16","guid":{"rendered":"https:\/\/radiostudiow.com.br\/site\/?p=30949"},"modified":"2025-01-31T14:58:09","modified_gmt":"2025-01-31T17:58:09","slug":"agressor-sai-da-cadeia-e-volta-atacar-vitima-em-uniao-da-vitoria","status":"publish","type":"post","link":"https:\/\/radiostudiow.com.br\/site\/2024\/11\/30\/agressor-sai-da-cadeia-e-volta-atacar-vitima-em-uniao-da-vitoria\/","title":{"rendered":"Agressor sai da cadeia e volta atacar v\u00edtima em Uni\u00e3o da Vit\u00f3ria"},"content":{"rendered":"\n<p>Um caso de descumprimento de medida protetiva foi registrado no distrito de S\u00e3o Crist\u00f3v\u00e3o em Uni\u00e3o da Vit\u00f3ria por volta das 20:42 horas na noite desta quinta-feira (28).<\/p>\n\n\n\n<p>De acordo com o relato da solicitante, seu ex-companheiro, que possu\u00eda uma medida protetiva de urg\u00eancia contra ele, teria sa\u00eddo do sistema penitenci\u00e1rio e se dirigido at\u00e9 a resid\u00eancia da v\u00edtima<\/p>\n\n\n\n<figure class=\"wp-block-image size-full\"><img loading=\"lazy\" decoding=\"async\" width=\"897\" height=\"204\" src=\"https:\/\/radiostudiow.com.br\/site\/wp-content\/uploads\/2024\/11\/image-49.png\" alt=\"\" class=\"wp-image-30017\" srcset=\"https:\/\/radiostudiow.com.br\/site\/wp-content\/uploads\/2024\/11\/image-49.png 897w, https:\/\/radiostudiow.com.br\/site\/wp-content\/uploads\/2024\/11\/image-49-300x68.png 300w, https:\/\/radiostudiow.com.br\/site\/wp-content\/uploads\/2024\/11\/image-49-768x175.png 768w\" sizes=\"auto, (max-width: 897px) 100vw, 897px\" \/><\/figure>\n\n\n\n<p>Ap\u00f3s o ocorrido, o autor seguiu rumo ignorado. Equipes policiais realizaram dilig\u00eancias nas proximidades e conseguiram localizar o indiv\u00edduo em via p\u00fablica.<\/p>\n\n\n\n<p>Diante dos fatos, ambas as partes foram conduzidas \u00e0 autoridade policial para a devida aprecia\u00e7\u00e3o e tomada das provid\u00eancias legais. A situa\u00e7\u00e3o segue sendo apurada pelas autoridades competentes.<\/p>\n","protected":false},"excerpt":{"rendered":"<p>Um caso de descumprimento de medida protetiva foi registrado no distrito de S\u00e3o Crist\u00f3v\u00e3o em Uni\u00e3o da Vit\u00f3ria por volta das 20:42 horas na noite desta quinta-feira (28). De acordo com o relato da solicitante, seu ex-companheiro, que possu\u00eda uma medida protetiva de urg\u00eancia contra ele, teria sa\u00eddo do sistema penitenci\u00e1rio e se dirigido at\u00e9 [&hellip;]<\/p>\n","protected":false},"author":2,"featured_media":27487,"comment_status":"open","ping_status":"open","sticky":false,"template":"","format":"standard","meta":{"footnotes":""},"categories":[2],"tags":[172],"class_list":["post-30949","post","type-post","status-publish","format-standard","has-post-thumbnail","hentry","category-policial","tag-featured"],"amp_enabled":true,"_links":{"self":[{"href":"https:\/\/radiostudiow.com.br\/site\/wp-json\/wp\/v2\/posts\/30949","targetHints":{"allow":["GET"]}}],"collection":[{"href":"https:\/\/radiostudiow.com.br\/site\/wp-json\/wp\/v2\/posts"}],"about":[{"href":"https:\/\/radiostudiow.com.br\/site\/wp-json\/wp\/v2\/types\/post"}],"author":[{"embeddable":true,"href":"https:\/\/radiostudiow.com.br\/site\/wp-json\/wp\/v2\/users\/2"}],"replies":[{"embeddable":true,"href":"https:\/\/radiostudiow.com.br\/site\/wp-json\/wp\/v2\/comments?post=30949"}],"version-history":[{"count":2,"href":"https:\/\/radiostudiow.com.br\/site\/wp-json\/wp\/v2\/posts\/30949\/revisions"}],"predecessor-version":[{"id":30971,"href":"https:\/\/radiostudiow.com.br\/site\/wp-json\/wp\/v2\/posts\/30949\/revisions\/30971"}],"wp:featuredmedia":[{"embeddable":true,"href":"https:\/\/radiostudiow.com.br\/site\/wp-json\/wp\/v2\/media\/27487"}],"wp:attachment":[{"href":"https:\/\/radiostudiow.com.br\/site\/wp-json\/wp\/v2\/media?parent=30949"}],"wp:term":[{"taxonomy":"category","embeddable":true,"href":"https:\/\/radiostudiow.com.br\/site\/wp-json\/wp\/v2\/categories?post=30949"},{"taxonomy":"post_tag","embeddable":true,"href":"https:\/\/radiostudiow.com.br\/site\/wp-json\/wp\/v2\/tags?post=30949"}],"curies":[{"name":"wp","href":"https:\/\/api.w.org\/{rel}","templated":true}]}}