{"id":30960,"date":"2024-11-30T09:06:44","date_gmt":"2024-11-30T12:06:44","guid":{"rendered":"https:\/\/radiostudiow.com.br\/site\/?p=30960"},"modified":"2025-01-31T14:58:09","modified_gmt":"2025-01-31T17:58:09","slug":"pai-e-filho-estao-desaparecidos-em-uniao-da-vitoria","status":"publish","type":"post","link":"https:\/\/radiostudiow.com.br\/site\/2024\/11\/30\/pai-e-filho-estao-desaparecidos-em-uniao-da-vitoria\/","title":{"rendered":"Pai e filho est\u00e3o desaparecidos em Uni\u00e3o da Vit\u00f3ria"},"content":{"rendered":"\n<p>Um menino de 08 anos de idade, identificado como Victor Gabriel Stanke, e seu pai Juliano est\u00e3o desaparecidos desde o in\u00edcio da semana em Uni\u00e3o da Vit\u00f3ria.&nbsp;O caso j\u00e1 foi registrado na Pol\u00edcia e o Conselho Tutelar acompanha a situa\u00e7\u00e3o.<\/p>\n\n\n\n<p>Conforme informa\u00e7\u00f5es repassada pela fam\u00edlia para o&nbsp;portal Canal 4,&nbsp;o menino saiu de casa na segunda-feira, 25 de novembro, no bairro Ouro Verde no Conjunto Guerino Massignan para encontrar com seu pai em frente a creche do bairro Bom Jesus. O encontro entre pai e filho seria para lancharem, com o combinado de a crian\u00e7a retornar para casa mais tarde.<\/p>\n\n\n\n<figure class=\"wp-block-image size-full\"><img loading=\"lazy\" decoding=\"async\" width=\"900\" height=\"408\" src=\"https:\/\/radiostudiow.com.br\/site\/wp-content\/uploads\/2024\/09\/image-64-1.png\" alt=\"\" class=\"wp-image-28207\" srcset=\"https:\/\/radiostudiow.com.br\/site\/wp-content\/uploads\/2024\/09\/image-64-1.png 900w, https:\/\/radiostudiow.com.br\/site\/wp-content\/uploads\/2024\/09\/image-64-1-300x136.png 300w, https:\/\/radiostudiow.com.br\/site\/wp-content\/uploads\/2024\/09\/image-64-1-768x348.png 768w\" sizes=\"auto, (max-width: 900px) 100vw, 900px\" \/><\/figure>\n\n\n\n<p>O menino n\u00e3o retornou para casa e foi levado pelo pai at\u00e9 a casa da av\u00f3 no bairro Ponte Nova. Na ter\u00e7a-feira o pai de Victor discutir com sua av\u00f3 e ambos sa\u00edram do local levando seus pertences e n\u00e3o deram mais not\u00edcias, relatou um familiar.<\/p>\n\n\n\n<blockquote class=\"wp-block-quote has-text-align-center is-layout-flow wp-block-quote-is-layout-flow\">\n<p>A fam\u00edlia faz buscas para localizar o paradeiro do garoto. Ele havia sa\u00eddo de casa trajando short preto e uma camiseta vermelha. Qualquer informa\u00e7\u00e3o que possa contribuir na sua localiza\u00e7\u00e3o pode ser repassado atrav\u00e9s do telefone 190.<\/p>\n<\/blockquote>\n","protected":false},"excerpt":{"rendered":"<p>Um menino de 08 anos de idade, identificado como Victor Gabriel Stanke, e seu pai Juliano est\u00e3o desaparecidos desde o in\u00edcio da semana em Uni\u00e3o da Vit\u00f3ria.&nbsp;O caso j\u00e1 foi registrado na Pol\u00edcia e o Conselho Tutelar acompanha a situa\u00e7\u00e3o. Conforme informa\u00e7\u00f5es repassada pela fam\u00edlia para o&nbsp;portal Canal 4,&nbsp;o menino saiu de casa na segunda-feira, [&hellip;]<\/p>\n","protected":false},"author":2,"featured_media":30962,"comment_status":"open","ping_status":"open","sticky":false,"template":"","format":"standard","meta":{"footnotes":""},"categories":[185],"tags":[172],"class_list":["post-30960","post","type-post","status-publish","format-standard","has-post-thumbnail","hentry","category-regional","tag-featured"],"amp_enabled":true,"_links":{"self":[{"href":"https:\/\/radiostudiow.com.br\/site\/wp-json\/wp\/v2\/posts\/30960","targetHints":{"allow":["GET"]}}],"collection":[{"href":"https:\/\/radiostudiow.com.br\/site\/wp-json\/wp\/v2\/posts"}],"about":[{"href":"https:\/\/radiostudiow.com.br\/site\/wp-json\/wp\/v2\/types\/post"}],"author":[{"embeddable":true,"href":"https:\/\/radiostudiow.com.br\/site\/wp-json\/wp\/v2\/users\/2"}],"replies":[{"embeddable":true,"href":"https:\/\/radiostudiow.com.br\/site\/wp-json\/wp\/v2\/comments?post=30960"}],"version-history":[{"count":1,"href":"https:\/\/radiostudiow.com.br\/site\/wp-json\/wp\/v2\/posts\/30960\/revisions"}],"predecessor-version":[{"id":30963,"href":"https:\/\/radiostudiow.com.br\/site\/wp-json\/wp\/v2\/posts\/30960\/revisions\/30963"}],"wp:featuredmedia":[{"embeddable":true,"href":"https:\/\/radiostudiow.com.br\/site\/wp-json\/wp\/v2\/media\/30962"}],"wp:attachment":[{"href":"https:\/\/radiostudiow.com.br\/site\/wp-json\/wp\/v2\/media?parent=30960"}],"wp:term":[{"taxonomy":"category","embeddable":true,"href":"https:\/\/radiostudiow.com.br\/site\/wp-json\/wp\/v2\/categories?post=30960"},{"taxonomy":"post_tag","embeddable":true,"href":"https:\/\/radiostudiow.com.br\/site\/wp-json\/wp\/v2\/tags?post=30960"}],"curies":[{"name":"wp","href":"https:\/\/api.w.org\/{rel}","templated":true}]}}