{"id":30964,"date":"2024-11-30T09:07:50","date_gmt":"2024-11-30T12:07:50","guid":{"rendered":"https:\/\/radiostudiow.com.br\/site\/?p=30964"},"modified":"2025-01-31T14:58:09","modified_gmt":"2025-01-31T17:58:09","slug":"homem-encontrado-em-uniao-da-vitoria-procura-por-seus-familiares","status":"publish","type":"post","link":"https:\/\/radiostudiow.com.br\/site\/2024\/11\/30\/homem-encontrado-em-uniao-da-vitoria-procura-por-seus-familiares\/","title":{"rendered":"Homem encontrado em Uni\u00e3o da Vit\u00f3ria procura por seus familiares"},"content":{"rendered":"\n<p>Em Uni\u00e3o da Vit\u00f3ria, um homem identificado apenas como Daniel, que afirma ser morador de Curitiba, foi encontrado nas proximidades do Hospital S\u00e3o Camilo Regional. Ele est\u00e1 na cidade sem documentos e n\u00e3o tem fornecido muitas informa\u00e7\u00f5es sobre sua identidade ou como chegou at\u00e9 o local.<\/p>\n\n\n\n<figure class=\"wp-block-image size-full\"><img loading=\"lazy\" decoding=\"async\" width=\"598\" height=\"204\" src=\"https:\/\/radiostudiow.com.br\/site\/wp-content\/uploads\/2024\/10\/labirati.png\" alt=\"\" class=\"wp-image-28854\" srcset=\"https:\/\/radiostudiow.com.br\/site\/wp-content\/uploads\/2024\/10\/labirati.png 598w, https:\/\/radiostudiow.com.br\/site\/wp-content\/uploads\/2024\/10\/labirati-300x102.png 300w\" sizes=\"auto, (max-width: 598px) 100vw, 598px\" \/><\/figure>\n\n\n\n<p>De acordo com relatos, Daniel n\u00e3o est\u00e1 falando muito e parece estar confuso. Ele se identifica como sendo natural de Curitiba, mas n\u00e3o h\u00e1 mais detalhes sobre sua fam\u00edlia ou como ele foi parar em Uni\u00e3o da Vit\u00f3ria.<\/p>\n\n\n\n<blockquote class=\"wp-block-quote has-text-align-center is-layout-flow wp-block-quote-is-layout-flow\">\n<p>As autoridades locais est\u00e3o solicitando a ajuda da comunidade para localizar os familiares de Daniel e fornecer o apoio necess\u00e1rio. Se voc\u00ea tem alguma informa\u00e7\u00e3o sobre o paradeiro de seus familiares ou conhece algu\u00e9m que possa ser parente dele, entre em contato com o telefone\u00a042 99963-9832.<\/p>\n<\/blockquote>\n","protected":false},"excerpt":{"rendered":"<p>Em Uni\u00e3o da Vit\u00f3ria, um homem identificado apenas como Daniel, que afirma ser morador de Curitiba, foi encontrado nas proximidades do Hospital S\u00e3o Camilo Regional. Ele est\u00e1 na cidade sem documentos e n\u00e3o tem fornecido muitas informa\u00e7\u00f5es sobre sua identidade ou como chegou at\u00e9 o local. De acordo com relatos, Daniel n\u00e3o est\u00e1 falando muito [&hellip;]<\/p>\n","protected":false},"author":2,"featured_media":30965,"comment_status":"open","ping_status":"open","sticky":false,"template":"","format":"standard","meta":{"footnotes":""},"categories":[185],"tags":[172],"class_list":["post-30964","post","type-post","status-publish","format-standard","has-post-thumbnail","hentry","category-regional","tag-featured"],"amp_enabled":true,"_links":{"self":[{"href":"https:\/\/radiostudiow.com.br\/site\/wp-json\/wp\/v2\/posts\/30964","targetHints":{"allow":["GET"]}}],"collection":[{"href":"https:\/\/radiostudiow.com.br\/site\/wp-json\/wp\/v2\/posts"}],"about":[{"href":"https:\/\/radiostudiow.com.br\/site\/wp-json\/wp\/v2\/types\/post"}],"author":[{"embeddable":true,"href":"https:\/\/radiostudiow.com.br\/site\/wp-json\/wp\/v2\/users\/2"}],"replies":[{"embeddable":true,"href":"https:\/\/radiostudiow.com.br\/site\/wp-json\/wp\/v2\/comments?post=30964"}],"version-history":[{"count":1,"href":"https:\/\/radiostudiow.com.br\/site\/wp-json\/wp\/v2\/posts\/30964\/revisions"}],"predecessor-version":[{"id":30966,"href":"https:\/\/radiostudiow.com.br\/site\/wp-json\/wp\/v2\/posts\/30964\/revisions\/30966"}],"wp:featuredmedia":[{"embeddable":true,"href":"https:\/\/radiostudiow.com.br\/site\/wp-json\/wp\/v2\/media\/30965"}],"wp:attachment":[{"href":"https:\/\/radiostudiow.com.br\/site\/wp-json\/wp\/v2\/media?parent=30964"}],"wp:term":[{"taxonomy":"category","embeddable":true,"href":"https:\/\/radiostudiow.com.br\/site\/wp-json\/wp\/v2\/categories?post=30964"},{"taxonomy":"post_tag","embeddable":true,"href":"https:\/\/radiostudiow.com.br\/site\/wp-json\/wp\/v2\/tags?post=30964"}],"curies":[{"name":"wp","href":"https:\/\/api.w.org\/{rel}","templated":true}]}}