{"id":30967,"date":"2024-11-30T09:09:15","date_gmt":"2024-11-30T12:09:15","guid":{"rendered":"https:\/\/radiostudiow.com.br\/site\/?p=30967"},"modified":"2025-01-31T14:58:09","modified_gmt":"2025-01-31T17:58:09","slug":"homem-e-preso-apos-furta-puxadores-de-tumulos-de-cemiterio-de-rio-azul","status":"publish","type":"post","link":"https:\/\/radiostudiow.com.br\/site\/2024\/11\/30\/homem-e-preso-apos-furta-puxadores-de-tumulos-de-cemiterio-de-rio-azul\/","title":{"rendered":"Homem \u00e9 preso ap\u00f3s furta puxadores de t\u00famulos de cemit\u00e9rio de Rio Azul"},"content":{"rendered":"\n<p>De acordo com a equipe da Pol\u00edcia Militar se deslocaram at\u00e9 cemit\u00e9rio de Rio Azul, e encontraram um homem com uma mochila nas costas nessa quarta-feira (27).<\/p>\n\n\n\n<figure class=\"wp-block-image size-large\"><img decoding=\"async\" src=\"https:\/\/radiostudiow.com.br\/site\/wp-content\/uploads\/2024\/10\/zm_0002_24AG_anuncio_261x83mm-1024x359.png\" alt=\"\" class=\"wp-image-28224\"\/><\/figure>\n\n\n\n<p>O suspeito foi flagrado pelos policiais no momento em que arrancava puxadores de bronze que ficam nas gavetas dos t\u00famulos com um alicate. Ap\u00f3s ser abordade, em revista pessoal foi encontrado dentro da mochila, puxadores de t\u00famulos que ele j\u00e1 tinha furtado.<\/p>\n\n\n\n<p>O autor foi algemado e levado at\u00e9 o Hospital S\u00e3o Francisco de Assis, onde foi elaborado o laudo de les\u00f5es corporais. Em seguida, o autor foi conduzido junto com os objetos para a Delegacia de Irati.<\/p>\n","protected":false},"excerpt":{"rendered":"<p>De acordo com a equipe da Pol\u00edcia Militar se deslocaram at\u00e9 cemit\u00e9rio de Rio Azul, e encontraram um homem com uma mochila nas costas nessa quarta-feira (27). O suspeito foi flagrado pelos policiais no momento em que arrancava puxadores de bronze que ficam nas gavetas dos t\u00famulos com um alicate. Ap\u00f3s ser abordade, em revista [&hellip;]<\/p>\n","protected":false},"author":2,"featured_media":30969,"comment_status":"open","ping_status":"open","sticky":false,"template":"","format":"standard","meta":{"footnotes":""},"categories":[2],"tags":[172],"class_list":["post-30967","post","type-post","status-publish","format-standard","has-post-thumbnail","hentry","category-policial","tag-featured"],"amp_enabled":true,"_links":{"self":[{"href":"https:\/\/radiostudiow.com.br\/site\/wp-json\/wp\/v2\/posts\/30967","targetHints":{"allow":["GET"]}}],"collection":[{"href":"https:\/\/radiostudiow.com.br\/site\/wp-json\/wp\/v2\/posts"}],"about":[{"href":"https:\/\/radiostudiow.com.br\/site\/wp-json\/wp\/v2\/types\/post"}],"author":[{"embeddable":true,"href":"https:\/\/radiostudiow.com.br\/site\/wp-json\/wp\/v2\/users\/2"}],"replies":[{"embeddable":true,"href":"https:\/\/radiostudiow.com.br\/site\/wp-json\/wp\/v2\/comments?post=30967"}],"version-history":[{"count":1,"href":"https:\/\/radiostudiow.com.br\/site\/wp-json\/wp\/v2\/posts\/30967\/revisions"}],"predecessor-version":[{"id":30970,"href":"https:\/\/radiostudiow.com.br\/site\/wp-json\/wp\/v2\/posts\/30967\/revisions\/30970"}],"wp:featuredmedia":[{"embeddable":true,"href":"https:\/\/radiostudiow.com.br\/site\/wp-json\/wp\/v2\/media\/30969"}],"wp:attachment":[{"href":"https:\/\/radiostudiow.com.br\/site\/wp-json\/wp\/v2\/media?parent=30967"}],"wp:term":[{"taxonomy":"category","embeddable":true,"href":"https:\/\/radiostudiow.com.br\/site\/wp-json\/wp\/v2\/categories?post=30967"},{"taxonomy":"post_tag","embeddable":true,"href":"https:\/\/radiostudiow.com.br\/site\/wp-json\/wp\/v2\/tags?post=30967"}],"curies":[{"name":"wp","href":"https:\/\/api.w.org\/{rel}","templated":true}]}}