{"id":30981,"date":"2024-11-30T10:09:03","date_gmt":"2024-11-30T13:09:03","guid":{"rendered":"https:\/\/radiostudiow.com.br\/site\/?p=30981"},"modified":"2025-01-31T14:58:09","modified_gmt":"2025-01-31T17:58:09","slug":"tirotei-deixa-uma-vitima-fatal-e-outra-ferida-em-uniao-da-vitoria","status":"publish","type":"post","link":"https:\/\/radiostudiow.com.br\/site\/2024\/11\/30\/tirotei-deixa-uma-vitima-fatal-e-outra-ferida-em-uniao-da-vitoria\/","title":{"rendered":"Tirotei deixa uma v\u00edtima fatal e outra ferida em Uni\u00e3o da Vit\u00f3ria"},"content":{"rendered":"\n<p>Por volta de 01:30 horas da madrugada deste s\u00e1bado, 30 de novembro, equipes policiais foram acionadas para atender uma ocorr\u00eancia de les\u00e3o corporal no bairro Panorama em Uni\u00e3o da Vit\u00f3ria.\u00a0<\/p>\n\n\n\n<figure class=\"wp-block-image size-full\"><img loading=\"lazy\" decoding=\"async\" width=\"897\" height=\"204\" src=\"https:\/\/radiostudiow.com.br\/site\/wp-content\/uploads\/2024\/11\/image-49.png\" alt=\"\" class=\"wp-image-30017\" srcset=\"https:\/\/radiostudiow.com.br\/site\/wp-content\/uploads\/2024\/11\/image-49.png 897w, https:\/\/radiostudiow.com.br\/site\/wp-content\/uploads\/2024\/11\/image-49-300x68.png 300w, https:\/\/radiostudiow.com.br\/site\/wp-content\/uploads\/2024\/11\/image-49-768x175.png 768w\" sizes=\"auto, (max-width: 897px) 100vw, 897px\" \/><\/figure>\n\n\n\n<p>No local, populares relataram que ao menos cinco indiv\u00edduos haviam disparado tiros contra duas pessoas. Ao chegarem,\u00a0os policiais encontraram uma mulher ca\u00edda ao solo, consciente, com uma perfura\u00e7\u00e3o na regi\u00e3o abdominal, relatando que o ferimento havia sido causado por disparo de arma de fogo.<\/p>\n\n\n\n<p>De imediato, foi solicitado o Servi\u00e7o de Atendimento M\u00f3vel de Urg\u00eancia (SAMU), que prestou os primeiros socorros e encaminhou a v\u00edtima ao hospital.<\/p>\n\n\n\n<p>Simultaneamente, outra equipe localizou um homem em outra rua, ca\u00eddo de costas ao solo, sem camisa, com uma les\u00e3o perfuro-contusa na regi\u00e3o do t\u00f3rax. Ele j\u00e1 estava sem sinais vitais.\u00a0O local foi isolado, e os \u00f3rg\u00e3os competentes foram acionados para os procedimentos periciais.<\/p>\n\n\n\n<figure class=\"wp-block-image size-full\"><img loading=\"lazy\" decoding=\"async\" width=\"590\" height=\"204\" src=\"https:\/\/radiostudiow.com.br\/site\/wp-content\/uploads\/2024\/04\/image-27.png\" alt=\"\" class=\"wp-image-21280\" srcset=\"https:\/\/radiostudiow.com.br\/site\/wp-content\/uploads\/2024\/04\/image-27.png 590w, https:\/\/radiostudiow.com.br\/site\/wp-content\/uploads\/2024\/04\/image-27-300x104.png 300w\" sizes=\"auto, (max-width: 590px) 100vw, 590px\" \/><\/figure>\n\n\n\n<p>A Pol\u00edcia Judici\u00e1ria e a Pol\u00edcia Cient\u00edfica estiveram presentes para iniciar as investiga\u00e7\u00f5es.\u00a0Mais tarde, ap\u00f3s dilig\u00eancias, os suspeitos envolvidos no crime foram localizados e presos.<\/p>\n\n\n\n<p>O caso segue sob investiga\u00e7\u00e3o para esclarecer as circunst\u00e2ncias e motiva\u00e7\u00e3o do ataque.<\/p>\n","protected":false},"excerpt":{"rendered":"<p>Por volta de 01:30 horas da madrugada deste s\u00e1bado, 30 de novembro, equipes policiais foram acionadas para atender uma ocorr\u00eancia de les\u00e3o corporal no bairro Panorama em Uni\u00e3o da Vit\u00f3ria.\u00a0 No local, populares relataram que ao menos cinco indiv\u00edduos haviam disparado tiros contra duas pessoas. Ao chegarem,\u00a0os policiais encontraram uma mulher ca\u00edda ao solo, consciente, [&hellip;]<\/p>\n","protected":false},"author":2,"featured_media":19871,"comment_status":"open","ping_status":"open","sticky":false,"template":"","format":"standard","meta":{"footnotes":""},"categories":[2],"tags":[172],"class_list":["post-30981","post","type-post","status-publish","format-standard","has-post-thumbnail","hentry","category-policial","tag-featured"],"amp_enabled":true,"_links":{"self":[{"href":"https:\/\/radiostudiow.com.br\/site\/wp-json\/wp\/v2\/posts\/30981","targetHints":{"allow":["GET"]}}],"collection":[{"href":"https:\/\/radiostudiow.com.br\/site\/wp-json\/wp\/v2\/posts"}],"about":[{"href":"https:\/\/radiostudiow.com.br\/site\/wp-json\/wp\/v2\/types\/post"}],"author":[{"embeddable":true,"href":"https:\/\/radiostudiow.com.br\/site\/wp-json\/wp\/v2\/users\/2"}],"replies":[{"embeddable":true,"href":"https:\/\/radiostudiow.com.br\/site\/wp-json\/wp\/v2\/comments?post=30981"}],"version-history":[{"count":1,"href":"https:\/\/radiostudiow.com.br\/site\/wp-json\/wp\/v2\/posts\/30981\/revisions"}],"predecessor-version":[{"id":30982,"href":"https:\/\/radiostudiow.com.br\/site\/wp-json\/wp\/v2\/posts\/30981\/revisions\/30982"}],"wp:featuredmedia":[{"embeddable":true,"href":"https:\/\/radiostudiow.com.br\/site\/wp-json\/wp\/v2\/media\/19871"}],"wp:attachment":[{"href":"https:\/\/radiostudiow.com.br\/site\/wp-json\/wp\/v2\/media?parent=30981"}],"wp:term":[{"taxonomy":"category","embeddable":true,"href":"https:\/\/radiostudiow.com.br\/site\/wp-json\/wp\/v2\/categories?post=30981"},{"taxonomy":"post_tag","embeddable":true,"href":"https:\/\/radiostudiow.com.br\/site\/wp-json\/wp\/v2\/tags?post=30981"}],"curies":[{"name":"wp","href":"https:\/\/api.w.org\/{rel}","templated":true}]}}