{"id":30983,"date":"2024-11-30T10:13:48","date_gmt":"2024-11-30T13:13:48","guid":{"rendered":"https:\/\/radiostudiow.com.br\/site\/?p=30983"},"modified":"2025-01-31T14:58:09","modified_gmt":"2025-01-31T17:58:09","slug":"disparos-de-arma-de-fogo-deixam-homem-ferido-em-uniao-da-vitoria","status":"publish","type":"post","link":"https:\/\/radiostudiow.com.br\/site\/2024\/11\/30\/disparos-de-arma-de-fogo-deixam-homem-ferido-em-uniao-da-vitoria\/","title":{"rendered":"Disparos de arma de fogo deixam homem ferido em Uni\u00e3o da Vit\u00f3ria"},"content":{"rendered":"\n<p>As equipes da Pol\u00edcia Militar de Uni\u00e3o da Vit\u00f3ria foram acionadas via Sistema de Atendimento de Emerg\u00eancia (SADE) para atender a uma ocorr\u00eancia de disparos de arma de fogo em Limeira por volta das 01:40 horas da madrugada deste s\u00e1bado (30).\u00a0Segundo informa\u00e7\u00f5es do solicitante, um homem havia sido alvejado no local.<\/p>\n\n\n\n<figure class=\"wp-block-image size-full\"><img loading=\"lazy\" decoding=\"async\" width=\"897\" height=\"204\" src=\"https:\/\/radiostudiow.com.br\/site\/wp-content\/uploads\/2024\/08\/TIJOLAO.png\" alt=\"\" class=\"wp-image-25951\" srcset=\"https:\/\/radiostudiow.com.br\/site\/wp-content\/uploads\/2024\/08\/TIJOLAO.png 897w, https:\/\/radiostudiow.com.br\/site\/wp-content\/uploads\/2024\/08\/TIJOLAO-300x68.png 300w, https:\/\/radiostudiow.com.br\/site\/wp-content\/uploads\/2024\/08\/TIJOLAO-768x175.png 768w\" sizes=\"auto, (max-width: 897px) 100vw, 897px\" \/><\/figure>\n\n\n\n<p>Ao chegarem, os agentes confirmaram o fato.\u00a0A v\u00edtima apresentava uma perfura\u00e7\u00e3o por arma de fogo na regi\u00e3o abdominal. O Servi\u00e7o de Atendimento M\u00f3vel de Urg\u00eancia (SAMU) foi acionado, realizou os primeiros atendimentos no local e encaminhou o homem ao Hospital Regional para tratamento.<\/p>\n\n\n\n<p>Posteriormente, os policiais deslocaram-se at\u00e9 o hospital para buscar mais informa\u00e7\u00f5es sobre o estado de sa\u00fade da v\u00edtima.\u00a0Durante o atendimento, foi informado que o ve\u00edculo supostamente envolvido na ocorr\u00eancia j\u00e1 havia sido abordado por outra guarni\u00e7\u00e3o.<\/p>\n\n\n\n<p>O caso segue em investiga\u00e7\u00e3o para determinar os detalhes do crime e identificar os respons\u00e1veis.<\/p>\n","protected":false},"excerpt":{"rendered":"<p>As equipes da Pol\u00edcia Militar de Uni\u00e3o da Vit\u00f3ria foram acionadas via Sistema de Atendimento de Emerg\u00eancia (SADE) para atender a uma ocorr\u00eancia de disparos de arma de fogo em Limeira por volta das 01:40 horas da madrugada deste s\u00e1bado (30).\u00a0Segundo informa\u00e7\u00f5es do solicitante, um homem havia sido alvejado no local. Ao chegarem, os agentes [&hellip;]<\/p>\n","protected":false},"author":2,"featured_media":27131,"comment_status":"open","ping_status":"open","sticky":false,"template":"","format":"standard","meta":{"footnotes":""},"categories":[2],"tags":[172],"class_list":["post-30983","post","type-post","status-publish","format-standard","has-post-thumbnail","hentry","category-policial","tag-featured"],"amp_enabled":true,"_links":{"self":[{"href":"https:\/\/radiostudiow.com.br\/site\/wp-json\/wp\/v2\/posts\/30983","targetHints":{"allow":["GET"]}}],"collection":[{"href":"https:\/\/radiostudiow.com.br\/site\/wp-json\/wp\/v2\/posts"}],"about":[{"href":"https:\/\/radiostudiow.com.br\/site\/wp-json\/wp\/v2\/types\/post"}],"author":[{"embeddable":true,"href":"https:\/\/radiostudiow.com.br\/site\/wp-json\/wp\/v2\/users\/2"}],"replies":[{"embeddable":true,"href":"https:\/\/radiostudiow.com.br\/site\/wp-json\/wp\/v2\/comments?post=30983"}],"version-history":[{"count":1,"href":"https:\/\/radiostudiow.com.br\/site\/wp-json\/wp\/v2\/posts\/30983\/revisions"}],"predecessor-version":[{"id":30984,"href":"https:\/\/radiostudiow.com.br\/site\/wp-json\/wp\/v2\/posts\/30983\/revisions\/30984"}],"wp:featuredmedia":[{"embeddable":true,"href":"https:\/\/radiostudiow.com.br\/site\/wp-json\/wp\/v2\/media\/27131"}],"wp:attachment":[{"href":"https:\/\/radiostudiow.com.br\/site\/wp-json\/wp\/v2\/media?parent=30983"}],"wp:term":[{"taxonomy":"category","embeddable":true,"href":"https:\/\/radiostudiow.com.br\/site\/wp-json\/wp\/v2\/categories?post=30983"},{"taxonomy":"post_tag","embeddable":true,"href":"https:\/\/radiostudiow.com.br\/site\/wp-json\/wp\/v2\/tags?post=30983"}],"curies":[{"name":"wp","href":"https:\/\/api.w.org\/{rel}","templated":true}]}}