{"id":31016,"date":"2024-12-02T09:43:24","date_gmt":"2024-12-02T12:43:24","guid":{"rendered":"https:\/\/radiostudiow.com.br\/site\/?p=31016"},"modified":"2025-01-31T14:58:09","modified_gmt":"2025-01-31T17:58:09","slug":"grave-acidente-na-br-476-em-paulo-frontin","status":"publish","type":"post","link":"https:\/\/radiostudiow.com.br\/site\/2024\/12\/02\/grave-acidente-na-br-476-em-paulo-frontin\/","title":{"rendered":"Grave acidente na BR-476 em Paulo Frontin"},"content":{"rendered":"\n<p>Equipes do Corpo de Bombeiros de S\u00e3o Mateus do Sul est\u00e3o atendendo um grave acidente na BR-476, na altura do Limoeiro, em Paulo Frontin, pr\u00f3ximo ao km 306, na manh\u00e3 deste domingo (01).<\/p>\n\n\n\n<p>O acidente envolveu o tombamento de um caminh\u00e3o, seguido de inc\u00eandio. A pista est\u00e1 completamente bloqueada enquanto os servi\u00e7os de emerg\u00eancia atuam no local.<\/p>\n\n\n\n<p>De acordo com informa\u00e7\u00f5es preliminares, a carreta teria sa\u00eddo da pista, colidido contra um barranco e incendiado. Felizmente, o motorista conseguiu sair do ve\u00edculo a tempo, e n\u00e3o h\u00e1 registros de v\u00edtimas at\u00e9 o momento.<\/p>\n\n\n\n<figure class=\"wp-block-image size-full\"><img loading=\"lazy\" decoding=\"async\" width=\"897\" height=\"204\" src=\"https:\/\/radiostudiow.com.br\/site\/wp-content\/uploads\/2024\/11\/image-49.png\" alt=\"\" class=\"wp-image-30017\" srcset=\"https:\/\/radiostudiow.com.br\/site\/wp-content\/uploads\/2024\/11\/image-49.png 897w, https:\/\/radiostudiow.com.br\/site\/wp-content\/uploads\/2024\/11\/image-49-300x68.png 300w, https:\/\/radiostudiow.com.br\/site\/wp-content\/uploads\/2024\/11\/image-49-768x175.png 768w\" sizes=\"auto, (max-width: 897px) 100vw, 897px\" \/><\/figure>\n\n\n\n<p>A Pol\u00edcia Rodovi\u00e1ria Federal (PRF) foi acionada e as equipes seguem trabalhando para controlar a situa\u00e7\u00e3o.<\/p>\n\n\n\n<p>Vale destacar que o trecho, onde ocorreu o acidente, foi cen\u00e1rio de outro tombamento de caminh\u00e3o no dia 26 de novembro, quando um incidente similar resultou em inc\u00eandio.<\/p>\n\n\n\n<p>Motoristas que trafegam pela regi\u00e3o devem redobrar a aten\u00e7\u00e3o, j\u00e1 que a pista segue totalmente bloqueada.\u00a0 Atualiza\u00e7\u00f5es sobre o acidente ser\u00e3o repassados assim que disponibilizadas.<\/p>\n\n\n\n<figure class=\"wp-block-video\"><video controls src=\"https:\/\/radiostudiow.com.br\/site\/wp-content\/uploads\/2024\/12\/WhatsApp-Video-2024-12-01-at-08.56.28.mp4\"><\/video><\/figure>\n","protected":false},"excerpt":{"rendered":"<p>Equipes do Corpo de Bombeiros de S\u00e3o Mateus do Sul est\u00e3o atendendo um grave acidente na BR-476, na altura do Limoeiro, em Paulo Frontin, pr\u00f3ximo ao km 306, na manh\u00e3 deste domingo (01). O acidente envolveu o tombamento de um caminh\u00e3o, seguido de inc\u00eandio. A pista est\u00e1 completamente bloqueada enquanto os servi\u00e7os de emerg\u00eancia atuam [&hellip;]<\/p>\n","protected":false},"author":2,"featured_media":31017,"comment_status":"open","ping_status":"open","sticky":false,"template":"","format":"standard","meta":{"footnotes":""},"categories":[185],"tags":[172],"class_list":["post-31016","post","type-post","status-publish","format-standard","has-post-thumbnail","hentry","category-regional","tag-featured"],"amp_enabled":true,"_links":{"self":[{"href":"https:\/\/radiostudiow.com.br\/site\/wp-json\/wp\/v2\/posts\/31016","targetHints":{"allow":["GET"]}}],"collection":[{"href":"https:\/\/radiostudiow.com.br\/site\/wp-json\/wp\/v2\/posts"}],"about":[{"href":"https:\/\/radiostudiow.com.br\/site\/wp-json\/wp\/v2\/types\/post"}],"author":[{"embeddable":true,"href":"https:\/\/radiostudiow.com.br\/site\/wp-json\/wp\/v2\/users\/2"}],"replies":[{"embeddable":true,"href":"https:\/\/radiostudiow.com.br\/site\/wp-json\/wp\/v2\/comments?post=31016"}],"version-history":[{"count":1,"href":"https:\/\/radiostudiow.com.br\/site\/wp-json\/wp\/v2\/posts\/31016\/revisions"}],"predecessor-version":[{"id":31019,"href":"https:\/\/radiostudiow.com.br\/site\/wp-json\/wp\/v2\/posts\/31016\/revisions\/31019"}],"wp:featuredmedia":[{"embeddable":true,"href":"https:\/\/radiostudiow.com.br\/site\/wp-json\/wp\/v2\/media\/31017"}],"wp:attachment":[{"href":"https:\/\/radiostudiow.com.br\/site\/wp-json\/wp\/v2\/media?parent=31016"}],"wp:term":[{"taxonomy":"category","embeddable":true,"href":"https:\/\/radiostudiow.com.br\/site\/wp-json\/wp\/v2\/categories?post=31016"},{"taxonomy":"post_tag","embeddable":true,"href":"https:\/\/radiostudiow.com.br\/site\/wp-json\/wp\/v2\/tags?post=31016"}],"curies":[{"name":"wp","href":"https:\/\/api.w.org\/{rel}","templated":true}]}}