{"id":31020,"date":"2024-12-02T10:06:33","date_gmt":"2024-12-02T13:06:33","guid":{"rendered":"https:\/\/radiostudiow.com.br\/site\/?p=31020"},"modified":"2025-01-31T14:58:09","modified_gmt":"2025-01-31T17:58:09","slug":"homem-e-encontrado-sem-vida-e-com-o-pes-presos-no-rio-iguacu","status":"publish","type":"post","link":"https:\/\/radiostudiow.com.br\/site\/2024\/12\/02\/homem-e-encontrado-sem-vida-e-com-o-pes-presos-no-rio-iguacu\/","title":{"rendered":"Homem \u00e9 encontrado sem vida e com o p\u00e9s presos no Rio Igua\u00e7u"},"content":{"rendered":"\n<p>Sebasti\u00e3o Dorival Gritem, de cerca de 70 anos, que estava\u00a0desaparecido h\u00e1 uma semana\u00a0foi encontrado morto neste s\u00e1bado (30).<\/p>\n\n\n\n<p>Segundo publica\u00e7\u00f5es da fam\u00edlia nas redes sociais, o idoso teria desaparecido no s\u00e1bado, 23 de novrmbro, no distrito de Paula Pereira, localidade no interior de Canoinhas. O cad\u00e1ver foi encontrado na noite deste s\u00e1bado, 30 de novembro, na localidade de Felipe Schmidt.<\/p>\n\n\n\n<figure class=\"wp-block-image size-full\"><img loading=\"lazy\" decoding=\"async\" width=\"598\" height=\"204\" src=\"https:\/\/radiostudiow.com.br\/site\/wp-content\/uploads\/2024\/10\/labirati.png\" alt=\"\" class=\"wp-image-28854\" srcset=\"https:\/\/radiostudiow.com.br\/site\/wp-content\/uploads\/2024\/10\/labirati.png 598w, https:\/\/radiostudiow.com.br\/site\/wp-content\/uploads\/2024\/10\/labirati-300x102.png 300w\" sizes=\"auto, (max-width: 598px) 100vw, 598px\" \/><\/figure>\n\n\n\n<p>O corpo foi localizado por pescadores na margem paranaense do rio Igua\u00e7u, apresentando sinais aparentes de viol\u00eancia.<\/p>\n\n\n\n<p>O cad\u00e1ver, j\u00e1 em decomposi\u00e7\u00e3o, tinha os p\u00e9s presos com duas barras de ferro. A equipe do Corpo de Bombeiros realizou o resgate do corpo, e a Pol\u00edcia Cient\u00edfica do Paran\u00e1 foi acionada para conduzir a per\u00edcia no local. Um familiar presente reconheceu a v\u00edtima como sendo Dorival.<\/p>\n\n\n\n<p><strong>SUSPEITAS<\/strong><\/p>\n\n\n\n<p>A Pol\u00edcia Civil vai abrir um inqu\u00e9rito, agora, para investigar as circunst\u00e2ncias da morte. Embora n\u00e3o haja nenhum boletim de ocorr\u00eancia registrado, h\u00e1 relatos feitos reservadamente a reportagem, de que Dorival teria tido um desentendimento com um grupo de pessoas pouco antes de desaparecer.<\/p>\n\n\n\n<figure class=\"wp-block-image size-full\"><img loading=\"lazy\" decoding=\"async\" width=\"900\" height=\"408\" src=\"https:\/\/radiostudiow.com.br\/site\/wp-content\/uploads\/2024\/09\/image-64-1.png\" alt=\"\" class=\"wp-image-28207\" srcset=\"https:\/\/radiostudiow.com.br\/site\/wp-content\/uploads\/2024\/09\/image-64-1.png 900w, https:\/\/radiostudiow.com.br\/site\/wp-content\/uploads\/2024\/09\/image-64-1-300x136.png 300w, https:\/\/radiostudiow.com.br\/site\/wp-content\/uploads\/2024\/09\/image-64-1-768x348.png 768w\" sizes=\"auto, (max-width: 900px) 100vw, 900px\" \/><\/figure>\n\n\n\n<p>O delegado da Divis\u00e3o de Investiga\u00e7\u00e3o Criminal (DIC) de Canoinhas, Nadal Junior, est\u00e1 em f\u00e9rias, mas, a pedido da reportagem, se inteirou sobre a ocorr\u00eancia.<\/p>\n\n\n\n<p>\u201cSegundo informa\u00e7\u00f5es de quem esteve no local, a fam\u00edlia teria reconhecido como sendo o desaparecido (mas n\u00e3o \u00e9 nada oficial). Primeiro passo \u00e9 identificar corretamente o corpo. Segundo passo \u00e9 verificar se foi morte violenta ou afogamento, para em seguinte decidir os pr\u00f3ximos passos\u201d, afirmou.<\/p>\n\n\n\n<p><em>Portal: V.Vale<\/em><\/p>\n","protected":false},"excerpt":{"rendered":"<p>Sebasti\u00e3o Dorival Gritem, de cerca de 70 anos, que estava\u00a0desaparecido h\u00e1 uma semana\u00a0foi encontrado morto neste s\u00e1bado (30). Segundo publica\u00e7\u00f5es da fam\u00edlia nas redes sociais, o idoso teria desaparecido no s\u00e1bado, 23 de novrmbro, no distrito de Paula Pereira, localidade no interior de Canoinhas. O cad\u00e1ver foi encontrado na noite deste s\u00e1bado, 30 de novembro, [&hellip;]<\/p>\n","protected":false},"author":2,"featured_media":31021,"comment_status":"open","ping_status":"open","sticky":false,"template":"","format":"standard","meta":{"footnotes":""},"categories":[2],"tags":[172],"class_list":["post-31020","post","type-post","status-publish","format-standard","has-post-thumbnail","hentry","category-policial","tag-featured"],"amp_enabled":true,"_links":{"self":[{"href":"https:\/\/radiostudiow.com.br\/site\/wp-json\/wp\/v2\/posts\/31020","targetHints":{"allow":["GET"]}}],"collection":[{"href":"https:\/\/radiostudiow.com.br\/site\/wp-json\/wp\/v2\/posts"}],"about":[{"href":"https:\/\/radiostudiow.com.br\/site\/wp-json\/wp\/v2\/types\/post"}],"author":[{"embeddable":true,"href":"https:\/\/radiostudiow.com.br\/site\/wp-json\/wp\/v2\/users\/2"}],"replies":[{"embeddable":true,"href":"https:\/\/radiostudiow.com.br\/site\/wp-json\/wp\/v2\/comments?post=31020"}],"version-history":[{"count":1,"href":"https:\/\/radiostudiow.com.br\/site\/wp-json\/wp\/v2\/posts\/31020\/revisions"}],"predecessor-version":[{"id":31022,"href":"https:\/\/radiostudiow.com.br\/site\/wp-json\/wp\/v2\/posts\/31020\/revisions\/31022"}],"wp:featuredmedia":[{"embeddable":true,"href":"https:\/\/radiostudiow.com.br\/site\/wp-json\/wp\/v2\/media\/31021"}],"wp:attachment":[{"href":"https:\/\/radiostudiow.com.br\/site\/wp-json\/wp\/v2\/media?parent=31020"}],"wp:term":[{"taxonomy":"category","embeddable":true,"href":"https:\/\/radiostudiow.com.br\/site\/wp-json\/wp\/v2\/categories?post=31020"},{"taxonomy":"post_tag","embeddable":true,"href":"https:\/\/radiostudiow.com.br\/site\/wp-json\/wp\/v2\/tags?post=31020"}],"curies":[{"name":"wp","href":"https:\/\/api.w.org\/{rel}","templated":true}]}}