{"id":31023,"date":"2024-12-02T10:39:51","date_gmt":"2024-12-02T13:39:51","guid":{"rendered":"https:\/\/radiostudiow.com.br\/site\/?p=31023"},"modified":"2025-01-31T14:58:09","modified_gmt":"2025-01-31T17:58:09","slug":"homem-e-alvejado-por-disparo-de-arma-de-fogo-em-ponto-de-onibus-em-uniao-da-vitoria","status":"publish","type":"post","link":"https:\/\/radiostudiow.com.br\/site\/2024\/12\/02\/homem-e-alvejado-por-disparo-de-arma-de-fogo-em-ponto-de-onibus-em-uniao-da-vitoria\/","title":{"rendered":"Homem \u00e9 alvejado por disparo de arma de fogo em ponto de \u00f4nibus em Uni\u00e3o da Vit\u00f3ria"},"content":{"rendered":"\n<p>Um homem foi alvejado por disparos de arma de fogo em um ponto de \u00f4nibus no bairro Rocio em Uni\u00e3o da Vit\u00f3ria por volta das 01:50 horas na  madrugada deste s\u00e1bado (30).<\/p>\n\n\n\n<p>Segundo informa\u00e7\u00f5es da Pol\u00edcia Militar de Santa Catarina, a v\u00edtima foi surpreendida por um indiv\u00edduo que desceu de um ve\u00edculo e questionou:\u00a0<em>\u201cO que voc\u00ea est\u00e1 fazendo na minha quebrada?\u201d<\/em>.<\/p>\n\n\n\n<figure class=\"wp-block-image size-large\"><img decoding=\"async\" src=\"https:\/\/radiostudiow.com.br\/site\/wp-content\/uploads\/2024\/10\/zm_0002_24AG_anuncio_261x83mm-1024x359.png\" alt=\"\" class=\"wp-image-28224\"\/><\/figure>\n\n\n\n<p>Em seguida, o suspeito efetuou disparos, atingindo o homem no membro superior.<\/p>\n\n\n\n<p>Ap\u00f3s ser atingido, a v\u00edtima tentou buscar ajuda, mas caiu na rua no caminho sentido \u00e0 cidade de Porto Uni\u00e3o.\u00a0Ele recebeu atendimento inicial no local e foi conduzido ao Hospital S\u00e3o Braz para tratamento m\u00e9dico.<\/p>\n\n\n\n<p>As autoridades seguem investigando o caso para identificar e localizar o autor do crime, enquanto a v\u00edtima permanece sob cuidados m\u00e9dicos.<\/p>\n","protected":false},"excerpt":{"rendered":"<p>Um homem foi alvejado por disparos de arma de fogo em um ponto de \u00f4nibus no bairro Rocio em Uni\u00e3o da Vit\u00f3ria por volta das 01:50 horas na madrugada deste s\u00e1bado (30). Segundo informa\u00e7\u00f5es da Pol\u00edcia Militar de Santa Catarina, a v\u00edtima foi surpreendida por um indiv\u00edduo que desceu de um ve\u00edculo e questionou:\u00a0\u201cO que [&hellip;]<\/p>\n","protected":false},"author":2,"featured_media":29243,"comment_status":"open","ping_status":"open","sticky":false,"template":"","format":"standard","meta":{"footnotes":""},"categories":[2],"tags":[172],"class_list":["post-31023","post","type-post","status-publish","format-standard","has-post-thumbnail","hentry","category-policial","tag-featured"],"amp_enabled":true,"_links":{"self":[{"href":"https:\/\/radiostudiow.com.br\/site\/wp-json\/wp\/v2\/posts\/31023","targetHints":{"allow":["GET"]}}],"collection":[{"href":"https:\/\/radiostudiow.com.br\/site\/wp-json\/wp\/v2\/posts"}],"about":[{"href":"https:\/\/radiostudiow.com.br\/site\/wp-json\/wp\/v2\/types\/post"}],"author":[{"embeddable":true,"href":"https:\/\/radiostudiow.com.br\/site\/wp-json\/wp\/v2\/users\/2"}],"replies":[{"embeddable":true,"href":"https:\/\/radiostudiow.com.br\/site\/wp-json\/wp\/v2\/comments?post=31023"}],"version-history":[{"count":1,"href":"https:\/\/radiostudiow.com.br\/site\/wp-json\/wp\/v2\/posts\/31023\/revisions"}],"predecessor-version":[{"id":31024,"href":"https:\/\/radiostudiow.com.br\/site\/wp-json\/wp\/v2\/posts\/31023\/revisions\/31024"}],"wp:featuredmedia":[{"embeddable":true,"href":"https:\/\/radiostudiow.com.br\/site\/wp-json\/wp\/v2\/media\/29243"}],"wp:attachment":[{"href":"https:\/\/radiostudiow.com.br\/site\/wp-json\/wp\/v2\/media?parent=31023"}],"wp:term":[{"taxonomy":"category","embeddable":true,"href":"https:\/\/radiostudiow.com.br\/site\/wp-json\/wp\/v2\/categories?post=31023"},{"taxonomy":"post_tag","embeddable":true,"href":"https:\/\/radiostudiow.com.br\/site\/wp-json\/wp\/v2\/tags?post=31023"}],"curies":[{"name":"wp","href":"https:\/\/api.w.org\/{rel}","templated":true}]}}