{"id":31025,"date":"2024-12-02T10:53:17","date_gmt":"2024-12-02T13:53:17","guid":{"rendered":"https:\/\/radiostudiow.com.br\/site\/?p=31025"},"modified":"2025-01-31T14:58:09","modified_gmt":"2025-01-31T17:58:09","slug":"conta-de-energia-nao-tera-cobranca-extra-em-dezembro","status":"publish","type":"post","link":"https:\/\/radiostudiow.com.br\/site\/2024\/12\/02\/conta-de-energia-nao-tera-cobranca-extra-em-dezembro\/","title":{"rendered":"Conta de energia n\u00e3o ter\u00e1 cobran\u00e7a extra em dezembro"},"content":{"rendered":"\n<p>A bandeira tarif\u00e1ria para o m\u00eas de dezembro ser\u00e1 verde, sem cobran\u00e7a extra na conta de luz. Segundo a Ag\u00eancia Nacional de Energia El\u00e9trica (Aneel), a mudan\u00e7a foi poss\u00edvel gra\u00e7as \u00e0 \u201cexpressiva melhora das condi\u00e7\u00f5es de gera\u00e7\u00e3o de energia\u201d no pa\u00eds.&nbsp;<img decoding=\"async\" src=\"https:\/\/agenciabrasil.ebc.com.br\/ebc.png?id=1621901&amp;o=node\"><img decoding=\"async\" src=\"https:\/\/agenciabrasil.ebc.com.br\/ebc.gif?id=1621901&amp;o=node\"><\/p>\n\n\n\n<figure class=\"wp-block-image size-full\"><img loading=\"lazy\" decoding=\"async\" width=\"900\" height=\"408\" src=\"https:\/\/radiostudiow.com.br\/site\/wp-content\/uploads\/2024\/09\/image-64-1.png\" alt=\"\" class=\"wp-image-28207\" srcset=\"https:\/\/radiostudiow.com.br\/site\/wp-content\/uploads\/2024\/09\/image-64-1.png 900w, https:\/\/radiostudiow.com.br\/site\/wp-content\/uploads\/2024\/09\/image-64-1-300x136.png 300w, https:\/\/radiostudiow.com.br\/site\/wp-content\/uploads\/2024\/09\/image-64-1-768x348.png 768w\" sizes=\"auto, (max-width: 900px) 100vw, 900px\" \/><\/figure>\n\n\n\n<p><em>\u201cNas \u00faltimas semanas, o per\u00edodo chuvoso mais intenso favoreceu a gera\u00e7\u00e3o de energia hidrel\u00e9trica, com custo de gera\u00e7\u00e3o inferior ao de fontes termel\u00e9tricas \u2013 acionada mais frequentemente quando os n\u00edveis dos reservat\u00f3rios est\u00e3o baixos\u201d, explica a Aneel.\u00a0<\/em><\/p>\n\n\n\n<p>Neste ano, a falta de chuva fez com que a Aneel acionasse a bandeira tarif\u00e1ria vermelha patamar 1 em setembro e a&nbsp; vermelha patamar 2 em outubro. Em novembro, foi acionada a bandeira tarif\u00e1ria amarela, com cobran\u00e7a adicional de R$ 1,885 a cada 100 kWh consumidos.<\/p>\n\n\n\n<div class=\"wp-block-media-text is-stacked-on-mobile\"><figure class=\"wp-block-media-text__media\"><img loading=\"lazy\" decoding=\"async\" width=\"1015\" height=\"1015\" src=\"https:\/\/radiostudiow.com.br\/site\/wp-content\/uploads\/2024\/12\/image-3.png\" alt=\"\" class=\"wp-image-31028 size-full\" srcset=\"https:\/\/radiostudiow.com.br\/site\/wp-content\/uploads\/2024\/12\/image-3.png 1015w, https:\/\/radiostudiow.com.br\/site\/wp-content\/uploads\/2024\/12\/image-3-300x300.png 300w, https:\/\/radiostudiow.com.br\/site\/wp-content\/uploads\/2024\/12\/image-3-768x768.png 768w, https:\/\/radiostudiow.com.br\/site\/wp-content\/uploads\/2024\/12\/image-3-80x80.png 80w\" sizes=\"auto, (max-width: 1015px) 100vw, 1015px\" \/><\/figure><div class=\"wp-block-media-text__content\">\n<p><strong>Use o sol a seu favor!<\/strong><\/p>\n\n\n\n<p>Invista em energia solar e tenha certeza de mais economia em sua resid\u00eancia, empresa, ou propriedade rural.<img loading=\"lazy\" decoding=\"async\" height=\"16\" width=\"16\" src=\"https:\/\/static.xx.fbcdn.net\/images\/emoji.php\/v9\/t6d\/1\/16\/2600.png\" alt=\"\u2600\ufe0f\"><img loading=\"lazy\" decoding=\"async\" height=\"16\" width=\"16\" src=\"https:\/\/static.xx.fbcdn.net\/images\/emoji.php\/v9\/t94\/1\/16\/1f49a.png\" alt=\"\ud83d\udc9a\"><\/p>\n\n\n\n<p>AFUBRA IRATI: \ud83d\udcde(42) 3421-1700<br>\ud83d\udccd Rua Coronel Emilio Gomes, 399, Centro &#8211; Irati &#8211; PR<\/p>\n\n\n\n<p>AFUBRA IMBITUVA: \ud83d\udcde(42) 3436-84003<br>\ud83d\udccd RUA Jacobe Brener, 830 &#8211; Centro, Imbituva &#8211; PR<\/p>\n\n\n\n<p><a href=\"https:\/\/www.lojasafubra.com.br\">https:\/\/www.lojasafubra.com.br<\/a><\/p>\n<\/div><\/div>\n\n\n\n<p>Criado em 2015 pela Aneel, o sistema de bandeiras tarif\u00e1rias reflete os custos vari\u00e1veis da gera\u00e7\u00e3o de energia el\u00e9trica. Divididas em n\u00edveis, as bandeiras indicam quanto est\u00e1 custando para o Sistema Interligado Nacional gerar a energia usada nas casas, em estabelecimentos comerciais e nas ind\u00fastrias, considerando fatores como a disponibilidade de recursos h\u00eddricos, o avan\u00e7o das fontes renov\u00e1veis, bem como o acionamento de fontes de gera\u00e7\u00e3o mais caras como as termel\u00e9tricas.<\/p>\n\n\n\n<p>As cores verde, amarela ou vermelha (nos patamares 1 e 2) indicam se a energia custar\u00e1 mais ou menos em fun\u00e7\u00e3o das condi\u00e7\u00f5es de gera\u00e7\u00e3o, sendo a bandeira vermelha a que tem custo maior, e a verde, sem custo extra.<\/p>\n","protected":false},"excerpt":{"rendered":"<p>A bandeira tarif\u00e1ria para o m\u00eas de dezembro ser\u00e1 verde, sem cobran\u00e7a extra na conta de luz. Segundo a Ag\u00eancia Nacional de Energia El\u00e9trica (Aneel), a mudan\u00e7a foi poss\u00edvel gra\u00e7as \u00e0 \u201cexpressiva melhora das condi\u00e7\u00f5es de gera\u00e7\u00e3o de energia\u201d no pa\u00eds.&nbsp; \u201cNas \u00faltimas semanas, o per\u00edodo chuvoso mais intenso favoreceu a gera\u00e7\u00e3o de energia hidrel\u00e9trica, [&hellip;]<\/p>\n","protected":false},"author":2,"featured_media":31027,"comment_status":"open","ping_status":"open","sticky":false,"template":"","format":"standard","meta":{"footnotes":""},"categories":[7],"tags":[172],"class_list":["post-31025","post","type-post","status-publish","format-standard","has-post-thumbnail","hentry","category-geral","tag-featured"],"amp_enabled":true,"_links":{"self":[{"href":"https:\/\/radiostudiow.com.br\/site\/wp-json\/wp\/v2\/posts\/31025","targetHints":{"allow":["GET"]}}],"collection":[{"href":"https:\/\/radiostudiow.com.br\/site\/wp-json\/wp\/v2\/posts"}],"about":[{"href":"https:\/\/radiostudiow.com.br\/site\/wp-json\/wp\/v2\/types\/post"}],"author":[{"embeddable":true,"href":"https:\/\/radiostudiow.com.br\/site\/wp-json\/wp\/v2\/users\/2"}],"replies":[{"embeddable":true,"href":"https:\/\/radiostudiow.com.br\/site\/wp-json\/wp\/v2\/comments?post=31025"}],"version-history":[{"count":2,"href":"https:\/\/radiostudiow.com.br\/site\/wp-json\/wp\/v2\/posts\/31025\/revisions"}],"predecessor-version":[{"id":31029,"href":"https:\/\/radiostudiow.com.br\/site\/wp-json\/wp\/v2\/posts\/31025\/revisions\/31029"}],"wp:featuredmedia":[{"embeddable":true,"href":"https:\/\/radiostudiow.com.br\/site\/wp-json\/wp\/v2\/media\/31027"}],"wp:attachment":[{"href":"https:\/\/radiostudiow.com.br\/site\/wp-json\/wp\/v2\/media?parent=31025"}],"wp:term":[{"taxonomy":"category","embeddable":true,"href":"https:\/\/radiostudiow.com.br\/site\/wp-json\/wp\/v2\/categories?post=31025"},{"taxonomy":"post_tag","embeddable":true,"href":"https:\/\/radiostudiow.com.br\/site\/wp-json\/wp\/v2\/tags?post=31025"}],"curies":[{"name":"wp","href":"https:\/\/api.w.org\/{rel}","templated":true}]}}